{"id":14706,"date":"2026-08-27T06:01:05","date_gmt":"2026-08-27T09:01:05","guid":{"rendered":"https:\/\/ilheusnews.com.br\/?p=14706"},"modified":"2026-08-27T06:01:05","modified_gmt":"2026-08-27T09:01:05","slug":"ilha-particular-de-57-mil-metros-quadrados-tem-forte-napoleonico-e-sera-colocada-a-venda-na-italia-por-r-33-milhoes","status":"publish","type":"post","link":"https:\/\/ilheusnews.com.br\/?p=14706","title":{"rendered":"Ilha particular de 5,7 mil metros quadrados tem forte napole\u00f4nico e ser\u00e1 colocada \u00e0 venda na It\u00e1lia por R$ 33 milh\u00f5es"},"content":{"rendered":"<div>\n<p>Imagine possuir um <strong>peda\u00e7o da <a href=\"https:\/\/olhardigital.com.br\/tag\/historia\/\" target=\"_blank\" rel=\"noreferrer noopener\">hist\u00f3ria <\/a>europeia <\/strong>bem no cora\u00e7\u00e3o da Lagoa de Veneza. A <a href=\"https:\/\/olhardigital.com.br\/tag\/ilha\/\" target=\"_blank\" rel=\"noreferrer noopener\">Ilha <\/a>de Crevan, famosa por abrigar uma fortifica\u00e7\u00e3o <a href=\"https:\/\/olhardigital.com.br\/tag\/militar\/\" target=\"_blank\" rel=\"noreferrer noopener\">militar <\/a>erguida durante as campanhas de <strong>Napole\u00e3o Bonaparte<\/strong> na regi\u00e3o, foi <a href=\"https:\/\/www.lionard.com\/it\/isola-in-vendita-a-venezia-con-fortino-napoleonico.html\" target=\"_blank\" rel=\"noreferrer noopener\">colocada \u00e0 venda<\/a> por cerca de <strong>5 milh\u00f5es de euros (aproximadamente R$ 33 milh\u00f5es)<\/strong>.<\/p>\n<p>Com cerca de 5,7 mil metros quadrados, a Ilha de Crevan fica <strong>relativamente pr\u00f3xima ao centro de Veneza, mesmo sendo considerada afastada da movimenta\u00e7\u00e3o tur\u00edstica local<\/strong>. Com vista para outras duas ilhas, <strong>Burano e Torcello<\/strong>. A ilha possui o forte militar, <strong>constru\u00eddo em 1806<\/strong> durante a domina\u00e7\u00e3o de Napole\u00e3o Bonaparte. Hoje, a constru\u00e7\u00e3o possui quatro quartos e dois banheiros, al\u00e9m de sistema de aquecimento e ar-condicionado.<\/p>\n<h2 class=\"wp-block-heading\" id=\"h-para-quem-tem-pressa\">Para quem tem pressa:<\/h2>\n<ul>\n<li>A Ilha de Crevan, na Lagoa de Veneza, foi colocada \u00e0 venda por cerca de <strong>5 milh\u00f5es de euros (aproximadamente R$ 33 milh\u00f5es)<\/strong> e abriga uma antiga fortifica\u00e7\u00e3o constru\u00edda durante o per\u00edodo napole\u00f4nico;<\/li>\n<li>Com cerca de <strong>5,7 mil m\u00b2<\/strong>, a ilha possui um forte restaurado, quatro quartos, dois banheiros, canal privativo, heliponto e dois portos, al\u00e9m de \u00e1reas com \u00e1rvores e jardins;<\/li>\n<li>A fortifica\u00e7\u00e3o teve fun\u00e7\u00f5es militares at\u00e9 o fim da Primeira Guerra Mundial e foi restaurada em 1996, preservando parte de suas caracter\u00edsticas hist\u00f3ricas.<\/li>\n<\/ul>\n<h2 class=\"wp-block-heading\" id=\"h-o-forte-ja-passou-por-diversos-dominios\">O forte j\u00e1 passou por diversos dom\u00ednios<\/h2>\n<div class=\"wp-block-image\">\n<figure class=\"aligncenter size-large\"><figcaption class=\"wp-element-caption\">Fortifica\u00e7\u00e3o de Crevan, constru\u00edda na Era Napole\u00f4nica durante a domina\u00e7\u00e3o de Veneza \u2013 Imagem: Courtesy of Lionard<\/figcaption><\/figure>\n<\/div>\n<p><strong>Anos antes da unifica\u00e7\u00e3o italiana<\/strong>, a Rep\u00fablica de Veneza foi invadida por uma investida de Napole\u00e3o Bonaparte, que <strong>dominou a regi\u00e3o em 1797<\/strong> e construiu a fortifica\u00e7\u00e3o anos depois, em 1806. Neste per\u00edodo, o forte foi utilizado para prote\u00e7\u00e3o da lagoa e da regi\u00e3o.<\/p>\n<p>Posteriormente, foi <strong>dominada pelos austr\u00edacos<\/strong>, quando foi ampliada e restaurada. Com a <strong>unifica\u00e7\u00e3o e a cria\u00e7\u00e3o do Reino da It\u00e1lia<\/strong>, a regi\u00e3o passou a ser <strong>oficialmente territ\u00f3rio italiano<\/strong> e continuou com utiliza\u00e7\u00f5es militares <strong>at\u00e9 o fim da Primeira Guerra Mundial<\/strong>, quando foi desativada.<\/p>\n<p>Chegando a iniciativa privada, o forte foi <strong>restaurado apenas em 1996<\/strong> e buscou preservar a configura\u00e7\u00e3o original. A ilha possui canal privativo, heliponto e dois \u201cportos\u201d privados.<\/p>\n<p><strong>Leia mais:<\/strong><\/p>\n<ul>\n<li><a href=\"https:\/\/olhardigital.com.br\/2026\/04\/10\/ciencia-e-espaco\/ilha-em-fiji-pode-ter-sido-criada-por-humanos-ha-mais-de-1-200-anos\/\" target=\"_blank\" rel=\"noreferrer noopener\">Ilha em Fiji pode ter sido criada por humanos h\u00e1 mais de 1.200 anos<\/a><\/li>\n<li><a href=\"https:\/\/olhardigital.com.br\/2025\/08\/22\/ciencia-e-espaco\/o-que-tem-na-coordenada-00-da-terra-conheca-a-ilha-nula\/\" target=\"_blank\" rel=\"noreferrer noopener\">O que tem na coordenada 0,0 da Terra? Conhe\u00e7a a Ilha Nula<\/a><\/li>\n<li><a href=\"https:\/\/olhardigital.com.br\/2025\/08\/19\/ciencia-e-espaco\/a-ilha-na-nova-zelandia-que-transformou-aves-nativas\/\" target=\"_blank\" rel=\"noreferrer noopener\">A ilha na Nova Zel\u00e2ndia que \u2018transformou\u2019 aves nativas<\/a><\/li>\n<\/ul>\n<p>Al\u00e9m disso, a maior parte da ilha \u00e9 composta por \u00e1rvores e arbustos frut\u00edferos e ornamentais. Em um dos \u201cportos\u201d h\u00e1 um <strong>barco constru\u00eddo em 1898 em perfeito estado de conserva\u00e7\u00e3o<\/strong>, de acordo com a imobili\u00e1ria.<\/p>\n<p>As ilhas, Burano e Torcello, que, assim como a de Crevan, fazem parte do <strong>arquip\u00e9lago veneziano<\/strong>, possuem hist\u00f3rias interessantes. A Ilha de Torcello foi a mais povoada da Rep\u00fablica de Veneza com cerca de 20 mil habitantes. J\u00e1 a Ilha de Burano \u00e9 atualmente conhecida por suas casas coloridas e produ\u00e7\u00e3o de renda.<\/p>\n<p>Com valor estimado em cerca de 33 milh\u00f5es de reais, a imobili\u00e1ria afirma que o local une <strong>modernidade e hist\u00f3ria em uma das cidades mais rom\u00e2nticas do mundo.<\/strong><\/p>\n<p>O post <a href=\"https:\/\/olhardigital.com.br\/2026\/08\/27\/ciencia-e-espaco\/ilha-particular-de-57-mil-metros-quadrados-tem-forte-napoleonico-e-sera-colocada-a-venda-na-italia-por-r-33-milhoes\/\">Ilha particular de 5,7 mil metros quadrados tem forte napole\u00f4nico e ser\u00e1 colocada \u00e0 venda na It\u00e1lia por R$ 33 milh\u00f5es<\/a> apareceu primeiro em <a href=\"https:\/\/olhardigital.com.br\/\">Olhar Digital<\/a>.<\/p>\n<\/div>\n","protected":false},"excerpt":{"rendered":"<p>Imagine possuir um peda\u00e7o da hist\u00f3ria europeia bem no cora\u00e7\u00e3o da Lagoa de Veneza. A Ilha de Crevan, famosa por abrigar uma fortifica\u00e7\u00e3o militar erguida durante as campanhas de Napole\u00e3o Bonaparte na regi\u00e3o, foi colocada \u00e0 venda por cerca de 5 milh\u00f5es de euros (aproximadamente R$ 33 milh\u00f5es). Com cerca de 5,7 mil metros quadrados,<\/p>\n","protected":false},"author":6,"featured_media":14707,"comment_status":"closed","ping_status":"closed","sticky":false,"template":"","format":"standard","meta":{"fifu_image_url":"https:\/\/olhardigital.com.br\/wp-content\/uploads\/2026\/08\/CARRO-POLUI-4-1024x576.png","fifu_image_alt":"Ilha particular de 5,7 mil metros quadrados tem forte napole\u00f4nico e ser\u00e1 colocada \u00e0 venda na It\u00e1lia por R$ 33 milh\u00f5es","footnotes":""},"categories":[33],"tags":[],"class_list":["post-14706","post","type-post","status-publish","format-standard","has-post-thumbnail","hentry","category-noticias"],"_links":{"self":[{"href":"https:\/\/ilheusnews.com.br\/index.php?rest_route=\/wp\/v2\/posts\/14706","targetHints":{"allow":["GET"]}}],"collection":[{"href":"https:\/\/ilheusnews.com.br\/index.php?rest_route=\/wp\/v2\/posts"}],"about":[{"href":"https:\/\/ilheusnews.com.br\/index.php?rest_route=\/wp\/v2\/types\/post"}],"author":[{"embeddable":true,"href":"https:\/\/ilheusnews.com.br\/index.php?rest_route=\/wp\/v2\/users\/6"}],"replies":[{"embeddable":true,"href":"https:\/\/ilheusnews.com.br\/index.php?rest_route=%2Fwp%2Fv2%2Fcomments&post=14706"}],"version-history":[{"count":0,"href":"https:\/\/ilheusnews.com.br\/index.php?rest_route=\/wp\/v2\/posts\/14706\/revisions"}],"wp:featuredmedia":[{"embeddable":true,"href":"https:\/\/ilheusnews.com.br\/index.php?rest_route=\/wp\/v2\/media\/14707"}],"wp:attachment":[{"href":"https:\/\/ilheusnews.com.br\/index.php?rest_route=%2Fwp%2Fv2%2Fmedia&parent=14706"}],"wp:term":[{"taxonomy":"category","embeddable":true,"href":"https:\/\/ilheusnews.com.br\/index.php?rest_route=%2Fwp%2Fv2%2Fcategories&post=14706"},{"taxonomy":"post_tag","embeddable":true,"href":"https:\/\/ilheusnews.com.br\/index.php?rest_route=%2Fwp%2Fv2%2Ftags&post=14706"}],"curies":[{"name":"wp","href":"https:\/\/api.w.org\/{rel}","templated":true}]}}