{"id":14670,"date":"2026-08-26T18:01:20","date_gmt":"2026-08-26T21:01:20","guid":{"rendered":"https:\/\/ilheusnews.com.br\/?p=14670"},"modified":"2026-08-26T18:01:20","modified_gmt":"2026-08-26T21:01:20","slug":"o-espaco-tem-cheiro-astronautas-relatam-um-odor-metalico","status":"publish","type":"post","link":"https:\/\/ilheusnews.com.br\/?p=14670","title":{"rendered":"O espa\u00e7o tem cheiro? Astronautas relatam um odor met\u00e1lico"},"content":{"rendered":"<div>\n<p><a href=\"https:\/\/olhardigital.com.br\/tag\/astronautas\/\" target=\"_blank\" rel=\"noreferrer noopener\">Astronautas<\/a> n\u00e3o conseguem sentir cheiro no espa\u00e7o aberto. O v\u00e1cuo n\u00e3o oferece mol\u00e9culas suficientes para transportar um odor at\u00e9 o nariz. Ainda assim, tripulantes da Esta\u00e7\u00e3o Espacial Internacional (<a href=\"https:\/\/olhardigital.com.br\/tag\/iss\/\" target=\"_blank\" rel=\"noreferrer noopener\">ISS<\/a>) relatam um fen\u00f4meno curioso: depois de caminhadas espaciais, os trajes e equipamentos podem apresentar um <a href=\"https:\/\/www.nasa.gov\/space-science-and-astrobiology-at-ames\/interesting-fact-of-the-month-current\/interesting-fact-of-the-month-2021\/?utm_source=chatgpt.com\" target=\"_blank\" rel=\"noreferrer noopener\">odor associado a meta<\/a>l, soldagem, p\u00f3lvora ou material queimado.<\/p>\n<p>O cheiro n\u00e3o \u00e9 percebido durante a atividade extraveicular. Ele aparece quando o astronauta retorna \u00e0 esta\u00e7\u00e3o, onde h\u00e1 ar, e abre o capacete. A NASA re\u00fane relatos de diferentes tripulantes, mas tamb\u00e9m deixa claro que a origem exata do odor continua desconhecida. Portanto, existe um fen\u00f4meno relatado por astronautas, mas n\u00e3o uma mol\u00e9cula espec\u00edfica j\u00e1 identificada como respons\u00e1vel pelo cheiro.<\/p>\n<div class=\"wp-block-image\">\n<figure class=\"aligncenter size-large\"><figcaption class=\"wp-element-caption\"><em>O cheiro aparece quando o astronauta retorna \u00e0 ISS, onde h\u00e1 ar para transportar as mol\u00e9culas at\u00e9 o nariz. Imagem: Nasa\/Johnson Space Center<\/em><\/figcaption><\/figure>\n<\/div>\n<h2 class=\"wp-block-heading\" id=\"h-o-que-pode-acontecer-com-o-traje-no-espaco\">O que pode acontecer com o traje no espa\u00e7o<\/h2>\n<p>Uma das explica\u00e7\u00f5es envolve o <a href=\"https:\/\/olhardigital.com.br\/tag\/oxigenio\/\" target=\"_blank\" rel=\"noreferrer noopener\">oxig\u00eanio<\/a> at\u00f4mico. Na \u00f3rbita baixa da Terra, a <a href=\"https:\/\/olhardigital.com.br\/tag\/raios-ultravioleta\/\" target=\"_blank\" rel=\"noreferrer noopener\">radia\u00e7\u00e3o ultravioleta<\/a> do Sol quebra mol\u00e9culas de <a href=\"https:\/\/olhardigital.com.br\/tag\/oxigenio\/\" target=\"_blank\" rel=\"noreferrer noopener\">oxig\u00eanio<\/a>, formando \u00e1tomos individuais altamente reativos. Eles podem interagir com materiais expostos ao ambiente espacial, incluindo superf\u00edcies externas de equipamentos.<\/p>\n<p>O ex-astronauta da <a href=\"https:\/\/olhardigital.com.br\/tag\/nasa\/\" target=\"_blank\" rel=\"noreferrer noopener\">NASA<\/a> e cientista Tom Jones associou essa qu\u00edmica ao odor percebido depois de <a href=\"https:\/\/olhardigital.com.br\/tag\/caminhada-espacial\/\" target=\"_blank\" rel=\"noreferrer noopener\">caminhadas espaciais<\/a>. Ele levantou a possibilidade de que o oxig\u00eanio at\u00f4mico aderido ao traje participe de rea\u00e7\u00f5es quando o astronauta retorna ao ambiente pressurizado, favorecendo a forma\u00e7\u00e3o de oz\u00f4nio. O oz\u00f4nio \u00e9 uma mol\u00e9cula formada por tr\u00eas \u00e1tomos de oxig\u00eanio e possui um odor caracter\u00edstico.<\/p>\n<p>Essa explica\u00e7\u00e3o, por\u00e9m, \u00e9 uma hip\u00f3tese, e n\u00e3o uma identifica\u00e7\u00e3o qu\u00edmica definitiva. Jones descreveu a rela\u00e7\u00e3o com o oz\u00f4nio como uma possibilidade para explicar sua experi\u00eancia. A NASA tamb\u00e9m apresenta essa interpreta\u00e7\u00e3o como uma das explica\u00e7\u00f5es poss\u00edveis, sem afirmar que ela seja a causa comprovada do cheiro.<\/p>\n<p>Os pr\u00f3prios relatos mostram que n\u00e3o existe uma descri\u00e7\u00e3o \u00fanica. Greg Chamitoff falou em um cheiro met\u00e1lico forte. Don Pettit comparou o odor a vapores de soldagem. Outros astronautas fizeram associa\u00e7\u00f5es diferentes, incluindo p\u00f3lvora, oz\u00f4nio e carne tostada. As compara\u00e7\u00f5es variam, embora exista um padr\u00e3o recorrente de cheiro met\u00e1lico ou relacionado a materiais queimados.<\/p>\n<div class=\"wp-block-image\">\n<figure class=\"aligncenter size-large\"><img loading=\"lazy\" decoding=\"async\" width=\"1024\" height=\"681\" src=\"https:\/\/ilheusnews.com.br\/wp-content\/uploads\/2026\/08\/STS-134_EVA3_Drew_Feustel_and_Michael_Fincke-1024x681-1.jpg\" alt=\"Imagem mostrando dois astronautas em trajes espaciais durante uma caminhada espacial ao redor da Esta\u00e7\u00e3o Espacial Internacional. Estruturas da esta\u00e7\u00e3o s\u00e3o vis\u00edveis, destacando os astronautas Andrew Feustel e Michael Fincke colaborando em tarefas no espa\u00e7o aberto, com a Terra ao fundo.\" class=\"wp-image-1085124\" srcset=\"https:\/\/img.odcdn.com.br\/wp-content\/uploads\/2025\/03\/STS-134_EVA3_Drew_Feustel_and_Michael_Fincke-1024x681.jpg 1024w, https:\/\/img.odcdn.com.br\/wp-content\/uploads\/2025\/03\/STS-134_EVA3_Drew_Feustel_and_Michael_Fincke-300x200.jpg 300w, https:\/\/img.odcdn.com.br\/wp-content\/uploads\/2025\/03\/STS-134_EVA3_Drew_Feustel_and_Michael_Fincke-768x511.jpg 768w, https:\/\/img.odcdn.com.br\/wp-content\/uploads\/2025\/03\/STS-134_EVA3_Drew_Feustel_and_Michael_Fincke-1536x1022.jpg 1536w, https:\/\/img.odcdn.com.br\/wp-content\/uploads\/2025\/03\/STS-134_EVA3_Drew_Feustel_and_Michael_Fincke-2048x1363.jpg 2048w, https:\/\/img.odcdn.com.br\/wp-content\/uploads\/2025\/03\/STS-134_EVA3_Drew_Feustel_and_Michael_Fincke-150x100.jpg 150w\" sizes=\"auto, (max-width: 1024px) 100vw, 1024px\"><figcaption class=\"wp-element-caption\"><em>Mesmo sem ar para transportar odores, a qu\u00edmica do ambiente espacial pode deixar marcas nos trajes. Imagem: NASA<\/em><\/figcaption><\/figure>\n<\/div>\n<h2 class=\"wp-block-heading\" id=\"h-hidrocarbonetos-sao-outra-possibilidade\">Hidrocarbonetos s\u00e3o outra possibilidade<\/h2>\n<p>Outra hip\u00f3tese envolve os hidrocarbonetos arom\u00e1ticos polic\u00edclicos, conhecidos como PAHs. S\u00e3o mol\u00e9culas formadas por \u00e1tomos de carbono e hidrog\u00eanio. Na Terra, aparecem em processos como combust\u00e3o e est\u00e3o associados \u00e0 fuma\u00e7a e \u00e0 fuligem.<\/p>\n<p><strong>Leia mais:<\/strong><\/p>\n<ul>\n<li><a href=\"https:\/\/olhardigital.com.br\/2026\/08\/01\/ciencia-e-espaco\/nasa-admite-que-trajes-lunares-seriam-um-perigo-para-astronautas-em-marte\/\" target=\"_blank\" rel=\"noreferrer noopener\">NASA admite que trajes lunares seriam um perigo para astronautas em Marte<\/a><\/li>\n<li><a href=\"https:\/\/olhardigital.com.br\/2022\/10\/20\/ciencia-e-espaco\/ja-sinto-falta-diz-astronauta-que-acabou-de-voltar-do-espaco\/?utm_source=chatgpt.com\" target=\"_blank\" rel=\"noreferrer noopener\">\u201cJ\u00e1 sinto falta\u201d, diz astronauta que acabou de voltar do espa\u00e7o<\/a><\/li>\n<li><a href=\"https:\/\/olhardigital.com.br\/2026\/04\/29\/ciencia-e-espaco\/brasileiros-tracam-rota-inedita-para-a-lua-que-pode-tornar-a-viagem-mais-barata\/\" target=\"_blank\" rel=\"noreferrer noopener\">Brasileiros tra\u00e7am rota in\u00e9dita para a Lua que pode tornar a viagem mais barata<\/a><\/li>\n<\/ul>\n<p>A NASA cita o astrof\u00edsico e qu\u00edmico Louis Allamandola ao discutir a possibilidade de que PAHs contribuam para a impress\u00e3o olfativa associada ao ambiente espacial. A explica\u00e7\u00e3o ajuda a entender por que algumas descri\u00e7\u00f5es feitas por astronautas lembram fuma\u00e7a, fuligem ou materiais queimados.<\/p>\n<p>\u00c9 importante, por\u00e9m, separar essa hip\u00f3tese das pesquisas que estudam PAHs no espa\u00e7o. Um artigo publicado em 2005 no <em><a href=\"https:\/\/pubs.acs.org\/jacsat\/article-abstract\/127\/12\/4345\/3515695\/Interstellar-Chemistry-A-Strategy-for-Detecting?redirectedFrom=fulltext\" target=\"_blank\" rel=\"noreferrer noopener\">Journal of the American Chemical Society<\/a><\/em> analisou estrat\u00e9gias para detectar essas mol\u00e9culas no meio interestelar. O trabalho n\u00e3o estudou o odor dos trajes da ISS e n\u00e3o demonstrou que PAHs sejam respons\u00e1veis pelo cheiro percebido pelos astronautas.<\/p>\n<p>Por isso, n\u00e3o h\u00e1 uma conclus\u00e3o cient\u00edfica de que o \u201ccheiro do espa\u00e7o\u201d seja causado por PAHs. Eles aparecem como uma possibilidade discutida por especialistas, assim como o oz\u00f4nio e rea\u00e7\u00f5es qu\u00edmicas envolvendo materiais expostos ao ambiente espacial.<\/p>\n<p>A pr\u00f3pria NASA chegou a trabalhar com a empresa de fragr\u00e2ncias Omega Ingredients para recriar o odor descrito pelos astronautas durante treinamentos. A inten\u00e7\u00e3o era reproduzir a experi\u00eancia sensorial, n\u00e3o comprovar qual subst\u00e2ncia espec\u00edfica causava o cheiro.<\/p>\n<p>No fim, o chamado cheiro do espa\u00e7o \u00e9 uma experi\u00eancia indireta. O v\u00e1cuo n\u00e3o chega ao nariz carregando mol\u00e9culas odor\u00edferas. O que os astronautas cheiram est\u00e1 relacionado ao que retorna com eles para dentro da esta\u00e7\u00e3o, depois de ficar exposto ao ambiente espacial. \u00c9 justamente essa diferen\u00e7a que torna o fen\u00f4meno t\u00e3o curioso: o espa\u00e7o pode n\u00e3o ter um cheiro que possamos sentir diretamente, mas sua qu\u00edmica pode deixar uma assinatura percept\u00edvel nos objetos que voltam dele.<\/p>\n<p>O post <a href=\"https:\/\/olhardigital.com.br\/2026\/08\/26\/ciencia-e-espaco\/o-espaco-tem-cheiro-astronautas-relatam-um-odor-metalico\/\">O espa\u00e7o tem cheiro? Astronautas relatam um odor met\u00e1lico<\/a> apareceu primeiro em <a href=\"https:\/\/olhardigital.com.br\/\">Olhar Digital<\/a>.<\/p>\n<\/div>\n","protected":false},"excerpt":{"rendered":"<p>Astronautas n\u00e3o conseguem sentir cheiro no espa\u00e7o aberto. O v\u00e1cuo n\u00e3o oferece mol\u00e9culas suficientes para transportar um odor at\u00e9 o nariz. Ainda assim, tripulantes da Esta\u00e7\u00e3o Espacial Internacional (ISS) relatam um fen\u00f4meno curioso: depois de caminhadas espaciais, os trajes e equipamentos podem apresentar um odor associado a metal, soldagem, p\u00f3lvora ou material queimado. O cheiro<\/p>\n","protected":false},"author":6,"featured_media":14671,"comment_status":"closed","ping_status":"closed","sticky":false,"template":"","format":"standard","meta":{"fifu_image_url":"https:\/\/olhardigital.com.br\/wp-content\/uploads\/2025\/03\/STS41B-35-1613_-_Bruce_McCandless_II_during_EVA_Retouched_cropped-1024x768.jpg","fifu_image_alt":"O espa\u00e7o tem cheiro? Astronautas relatam um odor met\u00e1lico","footnotes":""},"categories":[33],"tags":[],"class_list":["post-14670","post","type-post","status-publish","format-standard","has-post-thumbnail","hentry","category-noticias"],"_links":{"self":[{"href":"https:\/\/ilheusnews.com.br\/index.php?rest_route=\/wp\/v2\/posts\/14670","targetHints":{"allow":["GET"]}}],"collection":[{"href":"https:\/\/ilheusnews.com.br\/index.php?rest_route=\/wp\/v2\/posts"}],"about":[{"href":"https:\/\/ilheusnews.com.br\/index.php?rest_route=\/wp\/v2\/types\/post"}],"author":[{"embeddable":true,"href":"https:\/\/ilheusnews.com.br\/index.php?rest_route=\/wp\/v2\/users\/6"}],"replies":[{"embeddable":true,"href":"https:\/\/ilheusnews.com.br\/index.php?rest_route=%2Fwp%2Fv2%2Fcomments&post=14670"}],"version-history":[{"count":0,"href":"https:\/\/ilheusnews.com.br\/index.php?rest_route=\/wp\/v2\/posts\/14670\/revisions"}],"wp:featuredmedia":[{"embeddable":true,"href":"https:\/\/ilheusnews.com.br\/index.php?rest_route=\/wp\/v2\/media\/14671"}],"wp:attachment":[{"href":"https:\/\/ilheusnews.com.br\/index.php?rest_route=%2Fwp%2Fv2%2Fmedia&parent=14670"}],"wp:term":[{"taxonomy":"category","embeddable":true,"href":"https:\/\/ilheusnews.com.br\/index.php?rest_route=%2Fwp%2Fv2%2Fcategories&post=14670"},{"taxonomy":"post_tag","embeddable":true,"href":"https:\/\/ilheusnews.com.br\/index.php?rest_route=%2Fwp%2Fv2%2Ftags&post=14670"}],"curies":[{"name":"wp","href":"https:\/\/api.w.org\/{rel}","templated":true}]}}