{"id":14646,"date":"2026-08-26T12:02:17","date_gmt":"2026-08-26T15:02:17","guid":{"rendered":"https:\/\/ilheusnews.com.br\/?p=14646"},"modified":"2026-08-26T12:02:17","modified_gmt":"2026-08-26T15:02:17","slug":"vacinacao-antirrabica-humana-e-descentralizada-para-unidades-do-saude-na-hora","status":"publish","type":"post","link":"https:\/\/ilheusnews.com.br\/?p=14646","title":{"rendered":"Vacina\u00e7\u00e3o antirr\u00e1bica humana \u00e9 descentralizada para unidades do Sa\u00fade na Hora"},"content":{"rendered":"<div>A Secretaria Municipal de Sa\u00fade descentralizou a oferta da vacina\u00e7\u00e3o antirr\u00e1bica humana com o objetivo de ampliar o acesso da popula\u00e7\u00e3o ao servi\u00e7o. Antes concentrado no Centro de Sa\u00fade Especializado (CSE) Dr. Leone Coelho L\u00eada, o atendimento passa a ser realizado inicialmente em duas unidades de Sa\u00fade na Hora [funcionam de segunda a sexta-feira em hor\u00e1rio estendido das 7h \u00e0s 21h]. (Foto ilustra\u00e7\u00e3o) S\u00e3o as unidades Sa\u00fade na Hora Rua Nova II, Rua Nova III \u2013 Barroquinha e Queimadinha I, II e III. A medida busca facilitar o acesso dos usu\u00e1rios, melhorar o fluxo de atendimento e aproximar o servi\u00e7o das comunidades. A chefe da Vigil\u00e2ncia Epidemiol\u00f3gica, Daniele Costa, destaca que a mudan\u00e7a contribui para tornar o servi\u00e7o mais acess\u00edvel \u00e0 popula\u00e7\u00e3o. A proposta \u00e9 ampliar gradativamente a oferta para outras unidades que possuem o programa Sa\u00fade na Hora. \u201cA descentraliza\u00e7\u00e3o \u00e9 uma estrat\u00e9gia para ampliar o acesso \u00e0 vacina\u00e7\u00e3o antirr\u00e1bica e facilitar o atendimento das pessoas que precisam iniciar e\/ou dar continuidade \u00e0 profilaxia ap\u00f3s um acidente com animal suspeito ou silvestre\u201d, explicou. A vacina\u00e7\u00e3o antirr\u00e1bica humana \u00e9 indicada ap\u00f3s acidentes, como mordeduras, arranhaduras ou outros tipos de exposi\u00e7\u00e3o envolvendo animais com suspeita de transmiss\u00e3o da raiva, a exemplo de c\u00e3es, gatos, morcegos e outros animais silvestres. ENDERE\u00c7O DAS UNIDADES SA\u00daDE NA HORA * Rua Nova II, III \u2013 Barroquinha: Rua Juv\u00eancio Erudilho, com Gon\u00e7alo Alves (em frente ao SESI) \u2013 (75) 3617-3266.* Queimadinha I, II e III: Rua Pernambuco, s\/n, Queimadinha \u2013 (75) 3617-3332. (Foto ilustra\u00e7\u00e3o)<\/div>\n","protected":false},"excerpt":{"rendered":"<p>A Secretaria Municipal de Sa\u00fade descentralizou a oferta da vacina\u00e7\u00e3o antirr\u00e1bica humana com o objetivo de ampliar o acesso da popula\u00e7\u00e3o ao servi\u00e7o. Antes concentrado no Centro de Sa\u00fade Especializado (CSE) Dr. Leone Coelho L\u00eada, o atendimento passa a ser realizado inicialmente em duas unidades de Sa\u00fade na Hora [funcionam de segunda a sexta-feira em<\/p>\n","protected":false},"author":8,"featured_media":0,"comment_status":"closed","ping_status":"closed","sticky":false,"template":"","format":"standard","meta":{"fifu_image_url":"","fifu_image_alt":"","footnotes":""},"categories":[33],"tags":[],"class_list":["post-14646","post","type-post","status-publish","format-standard","hentry","category-noticias"],"_links":{"self":[{"href":"https:\/\/ilheusnews.com.br\/index.php?rest_route=\/wp\/v2\/posts\/14646","targetHints":{"allow":["GET"]}}],"collection":[{"href":"https:\/\/ilheusnews.com.br\/index.php?rest_route=\/wp\/v2\/posts"}],"about":[{"href":"https:\/\/ilheusnews.com.br\/index.php?rest_route=\/wp\/v2\/types\/post"}],"author":[{"embeddable":true,"href":"https:\/\/ilheusnews.com.br\/index.php?rest_route=\/wp\/v2\/users\/8"}],"replies":[{"embeddable":true,"href":"https:\/\/ilheusnews.com.br\/index.php?rest_route=%2Fwp%2Fv2%2Fcomments&post=14646"}],"version-history":[{"count":0,"href":"https:\/\/ilheusnews.com.br\/index.php?rest_route=\/wp\/v2\/posts\/14646\/revisions"}],"wp:attachment":[{"href":"https:\/\/ilheusnews.com.br\/index.php?rest_route=%2Fwp%2Fv2%2Fmedia&parent=14646"}],"wp:term":[{"taxonomy":"category","embeddable":true,"href":"https:\/\/ilheusnews.com.br\/index.php?rest_route=%2Fwp%2Fv2%2Fcategories&post=14646"},{"taxonomy":"post_tag","embeddable":true,"href":"https:\/\/ilheusnews.com.br\/index.php?rest_route=%2Fwp%2Fv2%2Ftags&post=14646"}],"curies":[{"name":"wp","href":"https:\/\/api.w.org\/{rel}","templated":true}]}}