{"id":14569,"date":"2026-08-25T06:02:48","date_gmt":"2026-08-25T09:02:48","guid":{"rendered":"https:\/\/ilheusnews.com.br\/?p=14569"},"modified":"2026-08-25T06:02:48","modified_gmt":"2026-08-25T09:02:48","slug":"vii-semana-nacional-da-pessoa-com-deficiencia-comeca-nesta-terca-feira-25","status":"publish","type":"post","link":"https:\/\/ilheusnews.com.br\/?p=14569","title":{"rendered":"VII Semana Nacional da Pessoa com Defici\u00eancia come\u00e7a nesta ter\u00e7a-feira (25)\u00a0"},"content":{"rendered":"<div>Para destacar a autonomia e a dignidade de todos, o Tribunal de Justi\u00e7a da Bahia (TJBA) inicia\u00a0a VII Semana Nacional da Pessoa com Defici\u00eancia nesta ter\u00e7a-feira, dia 25 de agosto.\u00a0Nesta edi\u00e7\u00e3o, o tema\u00a0contempla\u00a0\u201cArte, Cultura, Sa\u00fade, Lazer e Empregabilidade: Pluralizar o acesso\u00a0\u00e9 garantir direitos\u201d.\u00a0 (Foto ilustra\u00e7\u00e3o) At\u00e9 sexta-feira (28), a programa\u00e7\u00e3o, aberta ao p\u00fablico, promove debates e reflex\u00f5es sobre diferentes dimens\u00f5es da inclus\u00e3o social,\u00a0salientando\u00a0desafios, avan\u00e7os e perspectivas\u00a0atinentes\u00a0\u00e0\u00a0constru\u00e7\u00e3o\u00a0de uma sociedade mais justa, diversa e acess\u00edvel.\u00a0 O p\u00fablico\u00a0poder\u00e1 visitar\u00a0a\u00a0Feira de Empreendedorismo, na Pra\u00e7a de Servi\u00e7os do TJBA, e a exposi\u00e7\u00e3o\u00a0\u201cInspira-me\u201d, da fot\u00f3grafa Betina. A mostra busca valorizar as rela\u00e7\u00f5es familiares, a conviv\u00eancia, a diversidade e o protagonismo de crian\u00e7as com s\u00edndrome de Down, transformando cada encontro em mem\u00f3ria, express\u00e3o e pertencimento.\u00a0 \u201c\u00c9 muito importante esse evento, pois recebemos diversas institui\u00e7\u00f5es que trabalham na defesa\u00a0dos direitos e\u00a0dos\u00a0interesses\u00a0da pessoa com defici\u00eancia em Salvador\u201d,\u00a0ressalta\u00a0o Presidente da Comiss\u00e3o Permanente de Acessibilidade e Inclus\u00e3o do TJBA, Desembargador\u00a0Rilton\u00a0G\u00f3es Ribeiro. \u201c\u00c9 uma chance de entendermos quais\u00a0s\u00e3o as suas expectativas e\u00a0as\u00a0necessidades\u00a0para retirarmos as barreiras que ainda impedem a pessoa com defici\u00eancia de acessar os nossos servi\u00e7os e os nossos pr\u00e9dios\u201d, acrescenta.\u00a0 A cerim\u00f4nia de abertura acontece no Audit\u00f3rio Desembargadora Only Silva, situado no\u00a0pr\u00e9dio-sede\u00a0do TJBA, no Centro Administrativo da Bahia (CAB) e ser\u00e1 transmitida pelo\u00a0Canal do YouTube do Poder Judici\u00e1rio.\u00a0 Confira a programa\u00e7\u00e3o completa da Semana.\u00a0(Ascom\/TJBA)<\/div>\n","protected":false},"excerpt":{"rendered":"<p>Para destacar a autonomia e a dignidade de todos, o Tribunal de Justi\u00e7a da Bahia (TJBA) inicia\u00a0a VII Semana Nacional da Pessoa com Defici\u00eancia nesta ter\u00e7a-feira, dia 25 de agosto.\u00a0Nesta edi\u00e7\u00e3o, o tema\u00a0contempla\u00a0\u201cArte, Cultura, Sa\u00fade, Lazer e Empregabilidade: Pluralizar o acesso\u00a0\u00e9 garantir direitos\u201d.\u00a0 (Foto ilustra\u00e7\u00e3o) At\u00e9 sexta-feira (28), a programa\u00e7\u00e3o, aberta ao p\u00fablico, promove debates<\/p>\n","protected":false},"author":8,"featured_media":0,"comment_status":"closed","ping_status":"closed","sticky":false,"template":"","format":"standard","meta":{"fifu_image_url":"","fifu_image_alt":"","footnotes":""},"categories":[33],"tags":[],"class_list":["post-14569","post","type-post","status-publish","format-standard","hentry","category-noticias"],"_links":{"self":[{"href":"https:\/\/ilheusnews.com.br\/index.php?rest_route=\/wp\/v2\/posts\/14569","targetHints":{"allow":["GET"]}}],"collection":[{"href":"https:\/\/ilheusnews.com.br\/index.php?rest_route=\/wp\/v2\/posts"}],"about":[{"href":"https:\/\/ilheusnews.com.br\/index.php?rest_route=\/wp\/v2\/types\/post"}],"author":[{"embeddable":true,"href":"https:\/\/ilheusnews.com.br\/index.php?rest_route=\/wp\/v2\/users\/8"}],"replies":[{"embeddable":true,"href":"https:\/\/ilheusnews.com.br\/index.php?rest_route=%2Fwp%2Fv2%2Fcomments&post=14569"}],"version-history":[{"count":0,"href":"https:\/\/ilheusnews.com.br\/index.php?rest_route=\/wp\/v2\/posts\/14569\/revisions"}],"wp:attachment":[{"href":"https:\/\/ilheusnews.com.br\/index.php?rest_route=%2Fwp%2Fv2%2Fmedia&parent=14569"}],"wp:term":[{"taxonomy":"category","embeddable":true,"href":"https:\/\/ilheusnews.com.br\/index.php?rest_route=%2Fwp%2Fv2%2Fcategories&post=14569"},{"taxonomy":"post_tag","embeddable":true,"href":"https:\/\/ilheusnews.com.br\/index.php?rest_route=%2Fwp%2Fv2%2Ftags&post=14569"}],"curies":[{"name":"wp","href":"https:\/\/api.w.org\/{rel}","templated":true}]}}