{"id":14563,"date":"2026-08-25T00:01:57","date_gmt":"2026-08-25T03:01:57","guid":{"rendered":"https:\/\/ilheusnews.com.br\/?p=14563"},"modified":"2026-08-25T00:01:57","modified_gmt":"2026-08-25T03:01:57","slug":"creutzfeldt-jakob-a-doenca-rara-e-sem-cura-que-afeta-o-cerebro","status":"publish","type":"post","link":"https:\/\/ilheusnews.com.br\/?p=14563","title":{"rendered":"Creutzfeldt-Jakob: a doen\u00e7a rara e sem cura que afeta o c\u00e9rebro"},"content":{"rendered":"<div>\n<p>O diagn\u00f3stico da doen\u00e7a de Creutzfeldt-Jakob do influenciador e especialista em avia\u00e7\u00e3o Lito Sousa chamou aten\u00e7\u00e3o para uma enfermidade rara e agressiva. Nas \u00faltimas semanas, Lito perdeu parte da capacidade motora, embora sua lucidez esteja preservada. <\/p>\n<p>Mas, afinal, que doen\u00e7a \u00e9 essa? O Doutor Alvaro Machado Dias, professor da UNIFESP, neurocientista, futurista e colunista do Olhar Digital News, explica. Confira:<\/p>\n<p>O post <a href=\"https:\/\/olhardigital.com.br\/2026\/08\/24\/medicina-e-saude\/creutzfeldt-jakob-a-doenca-rara-e-sem-cura-que-afeta-o-cerebro\/\">Creutzfeldt-Jakob: a doen\u00e7a rara e sem cura que afeta o c\u00e9rebro<\/a> apareceu primeiro em <a href=\"https:\/\/olhardigital.com.br\/\">Olhar Digital<\/a>.<\/p>\n<\/div>\n","protected":false},"excerpt":{"rendered":"<p>O diagn\u00f3stico da doen\u00e7a de Creutzfeldt-Jakob do influenciador e especialista em avia\u00e7\u00e3o Lito Sousa chamou aten\u00e7\u00e3o para uma enfermidade rara e agressiva. Nas \u00faltimas semanas, Lito perdeu parte da capacidade motora, embora sua lucidez esteja preservada. Mas, afinal, que doen\u00e7a \u00e9 essa? O Doutor Alvaro Machado Dias, professor da UNIFESP, neurocientista, futurista e colunista do<\/p>\n","protected":false},"author":6,"featured_media":0,"comment_status":"closed","ping_status":"closed","sticky":false,"template":"","format":"standard","meta":{"fifu_image_url":"","fifu_image_alt":"","footnotes":""},"categories":[33],"tags":[],"class_list":["post-14563","post","type-post","status-publish","format-standard","hentry","category-noticias"],"_links":{"self":[{"href":"https:\/\/ilheusnews.com.br\/index.php?rest_route=\/wp\/v2\/posts\/14563","targetHints":{"allow":["GET"]}}],"collection":[{"href":"https:\/\/ilheusnews.com.br\/index.php?rest_route=\/wp\/v2\/posts"}],"about":[{"href":"https:\/\/ilheusnews.com.br\/index.php?rest_route=\/wp\/v2\/types\/post"}],"author":[{"embeddable":true,"href":"https:\/\/ilheusnews.com.br\/index.php?rest_route=\/wp\/v2\/users\/6"}],"replies":[{"embeddable":true,"href":"https:\/\/ilheusnews.com.br\/index.php?rest_route=%2Fwp%2Fv2%2Fcomments&post=14563"}],"version-history":[{"count":0,"href":"https:\/\/ilheusnews.com.br\/index.php?rest_route=\/wp\/v2\/posts\/14563\/revisions"}],"wp:attachment":[{"href":"https:\/\/ilheusnews.com.br\/index.php?rest_route=%2Fwp%2Fv2%2Fmedia&parent=14563"}],"wp:term":[{"taxonomy":"category","embeddable":true,"href":"https:\/\/ilheusnews.com.br\/index.php?rest_route=%2Fwp%2Fv2%2Fcategories&post=14563"},{"taxonomy":"post_tag","embeddable":true,"href":"https:\/\/ilheusnews.com.br\/index.php?rest_route=%2Fwp%2Fv2%2Ftags&post=14563"}],"curies":[{"name":"wp","href":"https:\/\/api.w.org\/{rel}","templated":true}]}}