{"id":14538,"date":"2026-08-24T18:03:55","date_gmt":"2026-08-24T21:03:55","guid":{"rendered":"https:\/\/ilheusnews.com.br\/?p=14538"},"modified":"2026-08-24T18:03:55","modified_gmt":"2026-08-24T21:03:55","slug":"marcos-lima-vai-reunir-mesa-diretora-na-quarta-para-tratar-de-denuncia-de-galeguinho","status":"publish","type":"post","link":"https:\/\/ilheusnews.com.br\/?p=14538","title":{"rendered":"Marcos Lima vai reunir Mesa Diretora na quarta para tratar de den\u00fancia de Galeguinho"},"content":{"rendered":"<div>O presidente da C\u00e2mara Municipal de Feira de Santana, vereador Marcos Lima (Uni\u00e3o Brasil foto ilustra\u00e7\u00e3o), revelou ao site Bahia na Pol\u00edtica que a Mesa Diretora da Casa vai se reunir nesta quarta-feira (26) para tratar das den\u00fancias feitas pelo vereador Galeguinho SPA sobre uma suposta cobran\u00e7a de propina na Secretaria Municipal de Desenvolvimento Urbano (Sedur). Marcos Lima n\u00e3o informou o hor\u00e1rio da reuni\u00e3o, mas afirmou que o assunto ser\u00e1 analisado pela dire\u00e7\u00e3o do Legislativo. A den\u00fancia ganhou repercuss\u00e3o depois de Galeguinho afirmar, durante discurso na C\u00e2mara, que teria conhecimento de cobran\u00e7as para agilizar procedimentos como vistorias, alvar\u00e1s e habite-se. O vereador tamb\u00e9m declarou que ele pr\u00f3prio j\u00e1 teria pago valores para conseguir servi\u00e7os de fiscaliza\u00e7\u00e3o e libera\u00e7\u00e3o de documentos, afirma\u00e7\u00e3o que levantou questionamentos sobre a necessidade de esclarecer quem teria recebido os recursos, quando os pagamentos teriam ocorrido e se existem provas. Paralelamente \u00e0 movimenta\u00e7\u00e3o na C\u00e2mara, a prefeitura de Feira de Santana instaurou uma sindic\u00e2ncia para apurar as den\u00fancias. A comiss\u00e3o ter\u00e1 30 dias para apresentar um relat\u00f3rio conclusivo, mas a abertura da investiga\u00e7\u00e3o n\u00e3o representa, por si s\u00f3, confirma\u00e7\u00e3o de irregularidades ou responsabiliza\u00e7\u00e3o de servidores. O caso tamb\u00e9m ganhou novos desdobramentos ap\u00f3s questionamentos anteriores apresentados pelo ex-vereador Wilson Falc\u00e3o sobre a diferen\u00e7a de prazos em procedimentos na Sedur. (Da Reda\u00e7\u00e3o)<\/div>\n","protected":false},"excerpt":{"rendered":"<p>O presidente da C\u00e2mara Municipal de Feira de Santana, vereador Marcos Lima (Uni\u00e3o Brasil foto ilustra\u00e7\u00e3o), revelou ao site Bahia na Pol\u00edtica que a Mesa Diretora da Casa vai se reunir nesta quarta-feira (26) para tratar das den\u00fancias feitas pelo vereador Galeguinho SPA sobre uma suposta cobran\u00e7a de propina na Secretaria Municipal de Desenvolvimento Urbano<\/p>\n","protected":false},"author":8,"featured_media":0,"comment_status":"closed","ping_status":"closed","sticky":false,"template":"","format":"standard","meta":{"fifu_image_url":"","fifu_image_alt":"","footnotes":""},"categories":[33],"tags":[],"class_list":["post-14538","post","type-post","status-publish","format-standard","hentry","category-noticias"],"_links":{"self":[{"href":"https:\/\/ilheusnews.com.br\/index.php?rest_route=\/wp\/v2\/posts\/14538","targetHints":{"allow":["GET"]}}],"collection":[{"href":"https:\/\/ilheusnews.com.br\/index.php?rest_route=\/wp\/v2\/posts"}],"about":[{"href":"https:\/\/ilheusnews.com.br\/index.php?rest_route=\/wp\/v2\/types\/post"}],"author":[{"embeddable":true,"href":"https:\/\/ilheusnews.com.br\/index.php?rest_route=\/wp\/v2\/users\/8"}],"replies":[{"embeddable":true,"href":"https:\/\/ilheusnews.com.br\/index.php?rest_route=%2Fwp%2Fv2%2Fcomments&post=14538"}],"version-history":[{"count":0,"href":"https:\/\/ilheusnews.com.br\/index.php?rest_route=\/wp\/v2\/posts\/14538\/revisions"}],"wp:attachment":[{"href":"https:\/\/ilheusnews.com.br\/index.php?rest_route=%2Fwp%2Fv2%2Fmedia&parent=14538"}],"wp:term":[{"taxonomy":"category","embeddable":true,"href":"https:\/\/ilheusnews.com.br\/index.php?rest_route=%2Fwp%2Fv2%2Fcategories&post=14538"},{"taxonomy":"post_tag","embeddable":true,"href":"https:\/\/ilheusnews.com.br\/index.php?rest_route=%2Fwp%2Fv2%2Ftags&post=14538"}],"curies":[{"name":"wp","href":"https:\/\/api.w.org\/{rel}","templated":true}]}}