{"id":14537,"date":"2026-08-24T18:03:53","date_gmt":"2026-08-24T21:03:53","guid":{"rendered":"https:\/\/ilheusnews.com.br\/?p=14537"},"modified":"2026-08-24T18:03:53","modified_gmt":"2026-08-24T21:03:53","slug":"projeto-responsabiliza-poder-publico-por-acidentes-se-houver-falta-de-manutencao-em-rodovias","status":"publish","type":"post","link":"https:\/\/ilheusnews.com.br\/?p=14537","title":{"rendered":"Projeto responsabiliza poder p\u00fablico por acidentes se houver falta de manuten\u00e7\u00e3o em rodovias"},"content":{"rendered":"<div>O Projeto de Lei 3001\/26 estabelece a responsabilidade civil e administrativa do poder p\u00fablico por acidentes em rodovias federais, estaduais e distritais quando houver omiss\u00e3o comprovada na manuten\u00e7\u00e3o, conserva\u00e7\u00e3o ou sinaliza\u00e7\u00e3o da via. (Foto ilustra\u00e7\u00e3o) Pelo texto em an\u00e1lise na C\u00e2mara dos Deputados, a regra tamb\u00e9m alcan\u00e7ar\u00e1 trechos urbanos sob administra\u00e7\u00e3o rodovi\u00e1ria e estradas concedidas \u00e0 iniciativa privada. \u00d3rg\u00e3os p\u00fablicos e concession\u00e1rias responder\u00e3o solidariamente. Segundo levantamento da Confedera\u00e7\u00e3o Nacional do Transporte (CNT), o Brasil registrou 1.325 acidentes causados por problemas nas rodovias federais em 2025. Entre as 17 causas citadas est\u00e3o buracos, defeitos na pista e falta de sinaliza\u00e7\u00e3o. Sinaliza\u00e7\u00e3o e puni\u00e7\u00f5es O deputado Jos\u00e9 Medeiros (PL-MT), autor da proposta, explicou que a inten\u00e7\u00e3o \u00e9 evitar que motoristas e passageiros sejam surpreendidos por buracos ou desn\u00edveis. \u201cO objetivo \u00e9 claro, direto e inadi\u00e1vel: salvar vidas\u201d, afirmou. Pelo texto, a omiss\u00e3o ficar\u00e1 caracterizada quando houver ci\u00eancia inequ\u00edvoca do risco (como comunica\u00e7\u00e3o formal, registro policial ou laudo t\u00e9cnico) e n\u00e3o forem tomadas provid\u00eancias como reparar a pista, isolar a \u00e1rea ou reduzir a velocidade. Constatado o perigo, o respons\u00e1vel ter\u00e1 o prazo de 24 horas para instalar sinaliza\u00e7\u00e3o imediata e emergencial. Essa autoridade estar\u00e1 sujeita a penalidades que v\u00e3o desde advert\u00eancia e multa at\u00e9 suspens\u00e3o e afastamento da fun\u00e7\u00e3o. Pr\u00f3ximos passos O projeto ser\u00e1 analisado em car\u00e1ter conclusivo pelas comiss\u00f5es de Via\u00e7\u00e3o e Transportes; de Administra\u00e7\u00e3o e Servi\u00e7o P\u00fablico; e de Constitui\u00e7\u00e3o e Justi\u00e7a e de Cidadania. Para virar lei, ter\u00e1 de ser aprovado pela C\u00e2mara e pelo Senado. (Ag\u00eancia C\u00e2mara)<\/div>\n","protected":false},"excerpt":{"rendered":"<p>O Projeto de Lei 3001\/26 estabelece a responsabilidade civil e administrativa do poder p\u00fablico por acidentes em rodovias federais, estaduais e distritais quando houver omiss\u00e3o comprovada na manuten\u00e7\u00e3o, conserva\u00e7\u00e3o ou sinaliza\u00e7\u00e3o da via. (Foto ilustra\u00e7\u00e3o) Pelo texto em an\u00e1lise na C\u00e2mara dos Deputados, a regra tamb\u00e9m alcan\u00e7ar\u00e1 trechos urbanos sob administra\u00e7\u00e3o rodovi\u00e1ria e estradas concedidas<\/p>\n","protected":false},"author":8,"featured_media":0,"comment_status":"closed","ping_status":"closed","sticky":false,"template":"","format":"standard","meta":{"fifu_image_url":"","fifu_image_alt":"","footnotes":""},"categories":[33],"tags":[],"class_list":["post-14537","post","type-post","status-publish","format-standard","hentry","category-noticias"],"_links":{"self":[{"href":"https:\/\/ilheusnews.com.br\/index.php?rest_route=\/wp\/v2\/posts\/14537","targetHints":{"allow":["GET"]}}],"collection":[{"href":"https:\/\/ilheusnews.com.br\/index.php?rest_route=\/wp\/v2\/posts"}],"about":[{"href":"https:\/\/ilheusnews.com.br\/index.php?rest_route=\/wp\/v2\/types\/post"}],"author":[{"embeddable":true,"href":"https:\/\/ilheusnews.com.br\/index.php?rest_route=\/wp\/v2\/users\/8"}],"replies":[{"embeddable":true,"href":"https:\/\/ilheusnews.com.br\/index.php?rest_route=%2Fwp%2Fv2%2Fcomments&post=14537"}],"version-history":[{"count":0,"href":"https:\/\/ilheusnews.com.br\/index.php?rest_route=\/wp\/v2\/posts\/14537\/revisions"}],"wp:attachment":[{"href":"https:\/\/ilheusnews.com.br\/index.php?rest_route=%2Fwp%2Fv2%2Fmedia&parent=14537"}],"wp:term":[{"taxonomy":"category","embeddable":true,"href":"https:\/\/ilheusnews.com.br\/index.php?rest_route=%2Fwp%2Fv2%2Fcategories&post=14537"},{"taxonomy":"post_tag","embeddable":true,"href":"https:\/\/ilheusnews.com.br\/index.php?rest_route=%2Fwp%2Fv2%2Ftags&post=14537"}],"curies":[{"name":"wp","href":"https:\/\/api.w.org\/{rel}","templated":true}]}}