{"id":14535,"date":"2026-08-24T18:03:49","date_gmt":"2026-08-24T21:03:49","guid":{"rendered":"https:\/\/ilheusnews.com.br\/?p=14535"},"modified":"2026-08-24T18:03:49","modified_gmt":"2026-08-24T21:03:49","slug":"falta-de-responsabilidade-fiscal-esta-levando-a-uma-desestruturacao-empresarial-diz-caiado","status":"publish","type":"post","link":"https:\/\/ilheusnews.com.br\/?p=14535","title":{"rendered":"Falta de responsabilidade fiscal est\u00e1 levando a uma desestrutura\u00e7\u00e3o empresarial, diz Caiado"},"content":{"rendered":"<div>O candidato \u00e0 Presid\u00eancia da Rep\u00fablica pelo PSD,\u00a0Ronaldo Caiado (foto ilustra\u00e7\u00e3o), afirmou nesta segunda-feira (24) que a falta de responsabilidade fiscal do governo est\u00e1 levando a uma \u201cdesestrutura\u00e7\u00e3o empresarial\u201d. A fala foi feita durante o encontro promovido pelo Comunitas, organiza\u00e7\u00e3o voltada ao fortalecimento da gest\u00e3o p\u00fablica brasileira. O governador do Rio Grande do Sul,\u00a0Eduardo Leite, tamb\u00e9m do PSD, participa do evento. \u201cEsta falta de responsabilidade fiscal com o Pa\u00eds est\u00e1 levando a uma desestrutura\u00e7\u00e3o empresarial a patamar jamais visto\u201d, disse. \u201cN\u00f3s fomos garroteados com desequil\u00edbrio total hoje, com a taxa de juros que vem inviabilizando todo mundo, chegando em todas as fam\u00edlias\u201d, enfatizou o candidato durante sua fala. Itamaraty No evento, ele voltou a afirmar que o Itamaraty \u00e9 um \u201cbra\u00e7o pol\u00edtico partid\u00e1rio\u201d. Caiado declarou que quem foi eleito presidente da Rep\u00fablica precisar\u00e1 resgatar o Minist\u00e9rio das Rela\u00e7\u00f5es Exteriores. \u201cTem que resgatar a chancelaria brasileira, que sempre foi um exemplo ao Brasil, n\u00f3s sempre nos orgulhando do Itamaraty, e que de repente passou a ser um bra\u00e7o p Eduardo Leite e Ratinho Junior no governo Caiado afirmou que Eduardo Leite e o governador do Paran\u00e1, Ratinho Junior, tamb\u00e9m do PSD, estar\u00e3o junto dele governando o Pa\u00eds caso ven\u00e7a a elei\u00e7\u00e3o. Os dois governadores optaram por n\u00e3o serem candidatos a cargos p\u00fablicos em 2026 e encerrar\u00e3o seus mandatos em janeiro. \u201cEduardo Leite estar\u00e1 comigo governando o Pa\u00eds. Isso n\u00e3o \u00e9 quest\u00e3o de compromisso com ele, \u00e9 quest\u00e3o de bom senso em avaliar o que ele fez no Rio Grande do Sul e com as dificuldades que ele enfrentou com cinco per\u00edodos de estiagem, com enchentes\u201d, afirmou. \u201cEnt\u00e3o, ele estar\u00e1 governando ao meu lado, eu n\u00e3o abro m\u00e3o da presen\u00e7a dele, muito menos da presen\u00e7a do Ratinho, que s\u00e3o dois governantes que s\u00e3o exemplo hoje do que fizeram nos seus Estados, eles estar\u00e3o comigo no governo\u201d, concluiu, durante coletiva de imprensa ap\u00f3s a participa\u00e7\u00e3o no evento. (Por Estad\u00e3o Conte\u00fado)<\/div>\n","protected":false},"excerpt":{"rendered":"<p>O candidato \u00e0 Presid\u00eancia da Rep\u00fablica pelo PSD,\u00a0Ronaldo Caiado (foto ilustra\u00e7\u00e3o), afirmou nesta segunda-feira (24) que a falta de responsabilidade fiscal do governo est\u00e1 levando a uma \u201cdesestrutura\u00e7\u00e3o empresarial\u201d. A fala foi feita durante o encontro promovido pelo Comunitas, organiza\u00e7\u00e3o voltada ao fortalecimento da gest\u00e3o p\u00fablica brasileira. O governador do Rio Grande do Sul,\u00a0Eduardo Leite,<\/p>\n","protected":false},"author":8,"featured_media":0,"comment_status":"closed","ping_status":"closed","sticky":false,"template":"","format":"standard","meta":{"fifu_image_url":"","fifu_image_alt":"","footnotes":""},"categories":[33],"tags":[],"class_list":["post-14535","post","type-post","status-publish","format-standard","hentry","category-noticias"],"_links":{"self":[{"href":"https:\/\/ilheusnews.com.br\/index.php?rest_route=\/wp\/v2\/posts\/14535","targetHints":{"allow":["GET"]}}],"collection":[{"href":"https:\/\/ilheusnews.com.br\/index.php?rest_route=\/wp\/v2\/posts"}],"about":[{"href":"https:\/\/ilheusnews.com.br\/index.php?rest_route=\/wp\/v2\/types\/post"}],"author":[{"embeddable":true,"href":"https:\/\/ilheusnews.com.br\/index.php?rest_route=\/wp\/v2\/users\/8"}],"replies":[{"embeddable":true,"href":"https:\/\/ilheusnews.com.br\/index.php?rest_route=%2Fwp%2Fv2%2Fcomments&post=14535"}],"version-history":[{"count":0,"href":"https:\/\/ilheusnews.com.br\/index.php?rest_route=\/wp\/v2\/posts\/14535\/revisions"}],"wp:attachment":[{"href":"https:\/\/ilheusnews.com.br\/index.php?rest_route=%2Fwp%2Fv2%2Fmedia&parent=14535"}],"wp:term":[{"taxonomy":"category","embeddable":true,"href":"https:\/\/ilheusnews.com.br\/index.php?rest_route=%2Fwp%2Fv2%2Fcategories&post=14535"},{"taxonomy":"post_tag","embeddable":true,"href":"https:\/\/ilheusnews.com.br\/index.php?rest_route=%2Fwp%2Fv2%2Ftags&post=14535"}],"curies":[{"name":"wp","href":"https:\/\/api.w.org\/{rel}","templated":true}]}}