{"id":14534,"date":"2026-08-24T18:03:47","date_gmt":"2026-08-24T21:03:47","guid":{"rendered":"https:\/\/ilheusnews.com.br\/?p=14534"},"modified":"2026-08-24T18:03:47","modified_gmt":"2026-08-24T21:03:47","slug":"saj-carreta-de-saude-da-mulher-atende-pacientes-no-municipio-ate-meados-de-setembro","status":"publish","type":"post","link":"https:\/\/ilheusnews.com.br\/?p=14534","title":{"rendered":"SAJ: Carreta de sa\u00fade da mulher atende pacientes no munic\u00edpio at\u00e9 meados de setembro"},"content":{"rendered":"<div>Uma carreta do Minist\u00e9rio da Sa\u00fade est\u00e1 atendendo pacientes na\u00a0Policl\u00ednica Regional de Santo Ant\u00f4nio de Jesus, localizada na\u00a0Avenida Carlos Amaral, no Cajueiro. A unidade dever\u00e1 permanecer no munic\u00edpio\u00a0at\u00e9 meados de setembro. A estrutura oferece\u00a0mamografias, ultrassonografias p\u00e9lvicas e transvaginais, bi\u00f3psias e consultas com especialistas, com foco no diagn\u00f3stico precoce dos c\u00e2nceres de mama e do colo do \u00fatero. O atendimento ocorre de segunda a sexta-feira, com capacidade para at\u00e9\u00a080 atendimentos por dia. Al\u00e9m de Santo Ant\u00f4nio de Jesus, pacientes de outros 22 munic\u00edpios da regi\u00e3o podem ser encaminhadas pelas secretarias municipais de sa\u00fade. O servi\u00e7o \u00e9 destinado a pacientes\u00a0pr\u00e9-agendadas e encaminhadas pelo SUS. Quem aguarda exames pode procurar uma Unidade B\u00e1sica de Sa\u00fade (UBS) para solicitar o encaminhamento. A a\u00e7\u00e3o integra o programa\u00a0Agora Tem Especialistas, do Minist\u00e9rio da Sa\u00fade. (tribunadoreconcavo)<\/div>\n","protected":false},"excerpt":{"rendered":"<p>Uma carreta do Minist\u00e9rio da Sa\u00fade est\u00e1 atendendo pacientes na\u00a0Policl\u00ednica Regional de Santo Ant\u00f4nio de Jesus, localizada na\u00a0Avenida Carlos Amaral, no Cajueiro. A unidade dever\u00e1 permanecer no munic\u00edpio\u00a0at\u00e9 meados de setembro. A estrutura oferece\u00a0mamografias, ultrassonografias p\u00e9lvicas e transvaginais, bi\u00f3psias e consultas com especialistas, com foco no diagn\u00f3stico precoce dos c\u00e2nceres de mama e do colo<\/p>\n","protected":false},"author":8,"featured_media":0,"comment_status":"closed","ping_status":"closed","sticky":false,"template":"","format":"standard","meta":{"fifu_image_url":"","fifu_image_alt":"","footnotes":""},"categories":[33],"tags":[],"class_list":["post-14534","post","type-post","status-publish","format-standard","hentry","category-noticias"],"_links":{"self":[{"href":"https:\/\/ilheusnews.com.br\/index.php?rest_route=\/wp\/v2\/posts\/14534","targetHints":{"allow":["GET"]}}],"collection":[{"href":"https:\/\/ilheusnews.com.br\/index.php?rest_route=\/wp\/v2\/posts"}],"about":[{"href":"https:\/\/ilheusnews.com.br\/index.php?rest_route=\/wp\/v2\/types\/post"}],"author":[{"embeddable":true,"href":"https:\/\/ilheusnews.com.br\/index.php?rest_route=\/wp\/v2\/users\/8"}],"replies":[{"embeddable":true,"href":"https:\/\/ilheusnews.com.br\/index.php?rest_route=%2Fwp%2Fv2%2Fcomments&post=14534"}],"version-history":[{"count":0,"href":"https:\/\/ilheusnews.com.br\/index.php?rest_route=\/wp\/v2\/posts\/14534\/revisions"}],"wp:attachment":[{"href":"https:\/\/ilheusnews.com.br\/index.php?rest_route=%2Fwp%2Fv2%2Fmedia&parent=14534"}],"wp:term":[{"taxonomy":"category","embeddable":true,"href":"https:\/\/ilheusnews.com.br\/index.php?rest_route=%2Fwp%2Fv2%2Fcategories&post=14534"},{"taxonomy":"post_tag","embeddable":true,"href":"https:\/\/ilheusnews.com.br\/index.php?rest_route=%2Fwp%2Fv2%2Ftags&post=14534"}],"curies":[{"name":"wp","href":"https:\/\/api.w.org\/{rel}","templated":true}]}}