{"id":14528,"date":"2026-08-24T12:03:17","date_gmt":"2026-08-24T15:03:17","guid":{"rendered":"https:\/\/ilheusnews.com.br\/?p=14528"},"modified":"2026-08-24T12:03:17","modified_gmt":"2026-08-24T15:03:17","slug":"camara-decreta-luto-oficial-por-falecimento-do-ex-vereador-osmario-pena-velorio-ocorre-hoje","status":"publish","type":"post","link":"https:\/\/ilheusnews.com.br\/?p=14528","title":{"rendered":"C\u00e2mara decreta luto oficial por falecimento do ex-vereador Osm\u00e1rio Pena; vel\u00f3rio ocorre hoje"},"content":{"rendered":"<div>A C\u00e2mara Municipal de Feira de Santana decretou luto oficial de dois dias, pela morte do ex-vereador Osm\u00e1rio Silva Pena (foto ilustra\u00e7\u00e3o), falecido nesta madrugada. O ato foi emitido pela Mesa Diretiva, em homenagem e solidariedade do Legislativo pela contribui\u00e7\u00e3o do parlamentar \u00e0 vida p\u00fablica. O vel\u00f3rio ser\u00e1 realizado nas depend\u00eancias da Casa da Cidadania, a partir das 11h desta segunda-feira (24). E o sepultamento ocorrer\u00e1 amanh\u00e3 (25), \u00e0s 9h, no Cemit\u00e9rio Jardim das Flores, distrito da Matinha. Eleito pela primeira vez no ano de 1992, ele exerceu mandato legislativo entre 1993 e 1996, em Feira de Santana. Osm\u00e1rio nasceu em Santo Amaro da Purifica\u00e7\u00e3o\/BA no dia 10 de novembro de 1957, filho de Osvaldo Silva Pena e Am\u00e9lia dos Santos Silva. Em 3 de outubro de 2006 recebeu a Medalha Vereador Dival Machado, em reconhecimento aos relevantes servi\u00e7os prestados ao Poder Legislativo e \u00e0 popula\u00e7\u00e3o feirense. Al\u00e9m de sua atua\u00e7\u00e3o parlamentar, dedicou-se \u00e0 atividade comercial, na \u00e1rea de seguran\u00e7a, e \u00e0 vida religiosa, tendo exercido a fun\u00e7\u00e3o de mission\u00e1rio da Igreja Universal do Reino de Deus e, mais recentemente, prestado assessoria ao pastorado da Igreja Internacional da Gra\u00e7a de Deus. Ele deixa a esposa, Solange Santos Bastos Pena, e os filhos Naiara e Mois\u00e9s. Em virtude das homenagens p\u00f3stumas, as atividades administrativas e legislativas da C\u00e2mara Municipal permanecer\u00e3o suspensas durante esta segunda (24) e amanh\u00e3 (25), em sinal de respeito ao ex-vereador e, tamb\u00e9m, para as celebra\u00e7\u00f5es f\u00fanebres citadas. Portanto, est\u00e3o suspensas a sess\u00e3o solene que ocorreria na noite desta segunda e a sess\u00e3o ordin\u00e1ria desta ter\u00e7a-feira. (Ascom\/CMFS)<\/div>\n","protected":false},"excerpt":{"rendered":"<p>A C\u00e2mara Municipal de Feira de Santana decretou luto oficial de dois dias, pela morte do ex-vereador Osm\u00e1rio Silva Pena (foto ilustra\u00e7\u00e3o), falecido nesta madrugada. O ato foi emitido pela Mesa Diretiva, em homenagem e solidariedade do Legislativo pela contribui\u00e7\u00e3o do parlamentar \u00e0 vida p\u00fablica. O vel\u00f3rio ser\u00e1 realizado nas depend\u00eancias da Casa da Cidadania,<\/p>\n","protected":false},"author":8,"featured_media":0,"comment_status":"closed","ping_status":"closed","sticky":false,"template":"","format":"standard","meta":{"fifu_image_url":"","fifu_image_alt":"","footnotes":""},"categories":[33],"tags":[],"class_list":["post-14528","post","type-post","status-publish","format-standard","hentry","category-noticias"],"_links":{"self":[{"href":"https:\/\/ilheusnews.com.br\/index.php?rest_route=\/wp\/v2\/posts\/14528","targetHints":{"allow":["GET"]}}],"collection":[{"href":"https:\/\/ilheusnews.com.br\/index.php?rest_route=\/wp\/v2\/posts"}],"about":[{"href":"https:\/\/ilheusnews.com.br\/index.php?rest_route=\/wp\/v2\/types\/post"}],"author":[{"embeddable":true,"href":"https:\/\/ilheusnews.com.br\/index.php?rest_route=\/wp\/v2\/users\/8"}],"replies":[{"embeddable":true,"href":"https:\/\/ilheusnews.com.br\/index.php?rest_route=%2Fwp%2Fv2%2Fcomments&post=14528"}],"version-history":[{"count":0,"href":"https:\/\/ilheusnews.com.br\/index.php?rest_route=\/wp\/v2\/posts\/14528\/revisions"}],"wp:attachment":[{"href":"https:\/\/ilheusnews.com.br\/index.php?rest_route=%2Fwp%2Fv2%2Fmedia&parent=14528"}],"wp:term":[{"taxonomy":"category","embeddable":true,"href":"https:\/\/ilheusnews.com.br\/index.php?rest_route=%2Fwp%2Fv2%2Fcategories&post=14528"},{"taxonomy":"post_tag","embeddable":true,"href":"https:\/\/ilheusnews.com.br\/index.php?rest_route=%2Fwp%2Fv2%2Ftags&post=14528"}],"curies":[{"name":"wp","href":"https:\/\/api.w.org\/{rel}","templated":true}]}}