{"id":14516,"date":"2026-08-24T06:01:00","date_gmt":"2026-08-24T09:01:00","guid":{"rendered":"https:\/\/ilheusnews.com.br\/?p=14516"},"modified":"2026-08-24T06:01:00","modified_gmt":"2026-08-24T09:01:00","slug":"aberta-chamada-conjunta-para-redes-de-extensao-pesquisa-inovacao-e-internacionalizacao-repin-uefs","status":"publish","type":"post","link":"https:\/\/ilheusnews.com.br\/?p=14516","title":{"rendered":"Aberta chamada conjunta para Redes de Extens\u00e3o, Pesquisa, Inova\u00e7\u00e3o e Internacionaliza\u00e7\u00e3o (REPIN\/Uefs)"},"content":{"rendered":"<div>A Universidade Estadual de Feira de Santana (Uefs), por meio da Assessoria Especial de Rela\u00e7\u00f5es Institucionais (AERI), da Pr\u00f3-Reitoria de Pesquisa e P\u00f3s-Gradua\u00e7\u00e3o (PPPG) e da Pr\u00f3-Reitoria de Extens\u00e3o (PROEX), torna p\u00fablica a chamada conjunta para Redes de Extens\u00e3o, Pesquisa, Inova\u00e7\u00e3o e Internacionaliza\u00e7\u00e3o (REPIN\/Uefs). A iniciativa \u00e9 destinada \u00e0 sele\u00e7\u00e3o de propostas de visitas t\u00e9cnicas internacionais, com o objetivo de fomentar o desenvolvimento cient\u00edfico, tecnol\u00f3gico, inovador e extensionista, bem como fortalecer a internacionaliza\u00e7\u00e3o institucional. (Foto ilustra\u00e7\u00e3o) A chamada objetiva selecionar at\u00e9 05 propostas para a cria\u00e7\u00e3o ou o fortalecimento de redes de pesquisa, inova\u00e7\u00e3o, desenvolvimento tecnol\u00f3gico e extens\u00e3o, a fim de desenvolver parte de suas atividades junto a parceiros internacionais. O edital \u00e9 voltado para servidores efetivos da universidade que atuem como coordenadores de projetos institucionais nessas \u00e1reas. As inscri\u00e7\u00f5es podem ser realizadas at\u00e9 14\/09\/2026, por meio do\u00a0FORMUL\u00c1RIO DE INSCRI\u00c7\u00c3O. Acesse o edital REPIN\/Uefs 2026. (Ascom\/Uefs)<\/div>\n","protected":false},"excerpt":{"rendered":"<p>A Universidade Estadual de Feira de Santana (Uefs), por meio da Assessoria Especial de Rela\u00e7\u00f5es Institucionais (AERI), da Pr\u00f3-Reitoria de Pesquisa e P\u00f3s-Gradua\u00e7\u00e3o (PPPG) e da Pr\u00f3-Reitoria de Extens\u00e3o (PROEX), torna p\u00fablica a chamada conjunta para Redes de Extens\u00e3o, Pesquisa, Inova\u00e7\u00e3o e Internacionaliza\u00e7\u00e3o (REPIN\/Uefs). A iniciativa \u00e9 destinada \u00e0 sele\u00e7\u00e3o de propostas de visitas t\u00e9cnicas<\/p>\n","protected":false},"author":8,"featured_media":0,"comment_status":"closed","ping_status":"closed","sticky":false,"template":"","format":"standard","meta":{"fifu_image_url":"","fifu_image_alt":"","footnotes":""},"categories":[33],"tags":[],"class_list":["post-14516","post","type-post","status-publish","format-standard","hentry","category-noticias"],"_links":{"self":[{"href":"https:\/\/ilheusnews.com.br\/index.php?rest_route=\/wp\/v2\/posts\/14516","targetHints":{"allow":["GET"]}}],"collection":[{"href":"https:\/\/ilheusnews.com.br\/index.php?rest_route=\/wp\/v2\/posts"}],"about":[{"href":"https:\/\/ilheusnews.com.br\/index.php?rest_route=\/wp\/v2\/types\/post"}],"author":[{"embeddable":true,"href":"https:\/\/ilheusnews.com.br\/index.php?rest_route=\/wp\/v2\/users\/8"}],"replies":[{"embeddable":true,"href":"https:\/\/ilheusnews.com.br\/index.php?rest_route=%2Fwp%2Fv2%2Fcomments&post=14516"}],"version-history":[{"count":0,"href":"https:\/\/ilheusnews.com.br\/index.php?rest_route=\/wp\/v2\/posts\/14516\/revisions"}],"wp:attachment":[{"href":"https:\/\/ilheusnews.com.br\/index.php?rest_route=%2Fwp%2Fv2%2Fmedia&parent=14516"}],"wp:term":[{"taxonomy":"category","embeddable":true,"href":"https:\/\/ilheusnews.com.br\/index.php?rest_route=%2Fwp%2Fv2%2Fcategories&post=14516"},{"taxonomy":"post_tag","embeddable":true,"href":"https:\/\/ilheusnews.com.br\/index.php?rest_route=%2Fwp%2Fv2%2Ftags&post=14516"}],"curies":[{"name":"wp","href":"https:\/\/api.w.org\/{rel}","templated":true}]}}