{"id":14515,"date":"2026-08-24T00:00:53","date_gmt":"2026-08-24T03:00:53","guid":{"rendered":"https:\/\/ilheusnews.com.br\/?p=14515"},"modified":"2026-08-24T00:00:53","modified_gmt":"2026-08-24T03:00:53","slug":"ia-freia-crescimento-salarial-antes-de-cortar-vagas","status":"publish","type":"post","link":"https:\/\/ilheusnews.com.br\/?p=14515","title":{"rendered":"IA freia crescimento salarial antes de cortar vagas"},"content":{"rendered":"<div>\n<p>O maior receio do mercado em rela\u00e7\u00e3o \u00e0 intelig\u00eancia artificial (IA) \u00e9 a elimina\u00e7\u00e3o de postos de trabalho, mas o impacto inicial da tecnologia tem se mostrado mais discreto. Um novo estudo da gestora americana Apollo Global Management aponta que a principal mudan\u00e7a n\u00e3o est\u00e1 nas demiss\u00f5es, mas na desacelera\u00e7\u00e3o no aumento de sal\u00e1rios.<\/p>\n<p>Ao analisar 321 ocupa\u00e7\u00f5es nos Estados Unidos, a pesquisa identificou que profissionais de \u00e1reas com alta exposi\u00e7\u00e3o \u00e0 IA tiveram um crescimento salarial <strong>6,7 pontos percentuais menor<\/strong> do que trabalhadores de setores menos expostos.<\/p>\n<p>O impacto atinge com mais for\u00e7a os trabalhadores de menor renda, que chegaram a registrar uma perda relativa de 10,7% na evolu\u00e7\u00e3o de seus ganhos. Em contrapartida, o levantamento n\u00e3o encontrou evid\u00eancias estat\u00edsticas significativas de que a IA esteja destruindo empregos.<\/p>\n<h2 class=\"wp-block-heading\" id=\"h-ocupacoes-na-linha-de-frente\">Ocupa\u00e7\u00f5es na linha de frente<\/h2>\n<p>O estudo mediu a exposi\u00e7\u00e3o das profiss\u00f5es com base em dados de uso da ferramenta Claude (da Anthropic), avaliando o quanto a IA j\u00e1 \u00e9 utilizada em tarefas cotidianas. O padr\u00e3o \u00e9 claro: as \u00e1reas mais impactadas lidam majoritariamente com informa\u00e7\u00e3o, an\u00e1lise de dados e produ\u00e7\u00e3o de conhecimento.<\/p>\n<p>Entre as ocupa\u00e7\u00f5es mais expostas, destacam-se:<\/p>\n<ul>\n<li>Programadores;<\/li>\n<li>Atendentes de <em>customer service<\/em>;<\/li>\n<li>Profissionais de entrada de dados (digitadores);<\/li>\n<li>Especialistas e transcritores m\u00e9dicos;<\/li>\n<li>Analistas de mercado, financeiros e de qualidade de software (QA).<\/li>\n<\/ul>\n<h2 class=\"wp-block-heading\" id=\"h-exposicao-nao-e-sinonimo-de-prejuizo\">Exposi\u00e7\u00e3o n\u00e3o \u00e9 sin\u00f4nimo de preju\u00edzo<\/h2>\n<p>O levantamento esclarece que o n\u00edvel de exposi\u00e7\u00e3o \u00e0 IA n\u00e3o define o futuro da profiss\u00e3o. O comportamento das vagas e dos sal\u00e1rios depende de m\u00faltiplos fatores econ\u00f4micos, como demanda do setor e escassez de m\u00e3o de obra.<\/p>\n<p>Para ilustrar essa din\u00e2mica, a pesquisa mostra caminhos opostos para profiss\u00f5es altamente expostas: enquanto os <strong>programadores<\/strong> amargaram uma queda de 17,2% nas vagas e redu\u00e7\u00e3o salarial real de 6,1% entre 2022 e 2024, os <strong>analistas financeiros<\/strong> registraram um salto de 16,9% na cria\u00e7\u00e3o de empregos no mesmo per\u00edodo.<\/p>\n<p>Al\u00e9m disso, as profiss\u00f5es que lideraram as perdas salariais e de vagas no mercado geral \u2014 como locutores de r\u00e1dio, vendedores porta a porta e artes\u00e3os \u2014 n\u00e3o sofreram essas quedas necessariamente por causa da IA, mas sim por outras transforma\u00e7\u00f5es tecnol\u00f3gicas ou estruturais de seus setores.<\/p>\n<h2 class=\"wp-block-heading\" id=\"h-a-compressao-salarial\">A \u201ccompress\u00e3o salarial\u201d<\/h2>\n<p>A conclus\u00e3o central do estudo aponta para um cen\u00e1rio de <strong>compress\u00e3o salarial<\/strong>: os ganhos de produtividade gerados pela ado\u00e7\u00e3o da intelig\u00eancia artificial n\u00e3o est\u00e3o se revertendo em aumentos salariais equivalentes para os trabalhadores, prejudicando principalmente a base da pir\u00e2mide salarial.<\/p>\n<p>Os pesquisadores fazem, contudo, algumas ressalvas: a an\u00e1lise baseia-se prioritariamente no uso de apenas uma ferramenta de IA, limita-se a 321 profiss\u00f5es e observa um per\u00edodo hist\u00f3rico ainda curto para conclus\u00f5es definitivas sobre o futuro do mercado de trabalho.<\/p>\n<p>Fonte: <a href=\"https:\/\/g1.globo.com\/trabalho-e-carreira\/noticia\/2026\/08\/23\/ia-pode-estar-freando-salarios-antes-de-cortar-empregos-veja-profissoes-mais-expostas-e-rankings.ghtml\" target=\"_blank\" rel=\"noreferrer noopener\">G1<\/a><\/p>\n<p>O post <a href=\"https:\/\/olhardigital.com.br\/2026\/08\/23\/pro\/ia-freia-crescimento-salarial-antes-de-cortar-vagas\/\">IA freia crescimento salarial antes de cortar vagas<\/a> apareceu primeiro em <a href=\"https:\/\/olhardigital.com.br\/\">Olhar Digital<\/a>.<\/p>\n<\/div>\n","protected":false},"excerpt":{"rendered":"<p>O maior receio do mercado em rela\u00e7\u00e3o \u00e0 intelig\u00eancia artificial (IA) \u00e9 a elimina\u00e7\u00e3o de postos de trabalho, mas o impacto inicial da tecnologia tem se mostrado mais discreto. Um novo estudo da gestora americana Apollo Global Management aponta que a principal mudan\u00e7a n\u00e3o est\u00e1 nas demiss\u00f5es, mas na desacelera\u00e7\u00e3o no aumento de sal\u00e1rios. Ao<\/p>\n","protected":false},"author":6,"featured_media":0,"comment_status":"closed","ping_status":"closed","sticky":false,"template":"","format":"standard","meta":{"fifu_image_url":"","fifu_image_alt":"","footnotes":""},"categories":[33],"tags":[],"class_list":["post-14515","post","type-post","status-publish","format-standard","hentry","category-noticias"],"_links":{"self":[{"href":"https:\/\/ilheusnews.com.br\/index.php?rest_route=\/wp\/v2\/posts\/14515","targetHints":{"allow":["GET"]}}],"collection":[{"href":"https:\/\/ilheusnews.com.br\/index.php?rest_route=\/wp\/v2\/posts"}],"about":[{"href":"https:\/\/ilheusnews.com.br\/index.php?rest_route=\/wp\/v2\/types\/post"}],"author":[{"embeddable":true,"href":"https:\/\/ilheusnews.com.br\/index.php?rest_route=\/wp\/v2\/users\/6"}],"replies":[{"embeddable":true,"href":"https:\/\/ilheusnews.com.br\/index.php?rest_route=%2Fwp%2Fv2%2Fcomments&post=14515"}],"version-history":[{"count":0,"href":"https:\/\/ilheusnews.com.br\/index.php?rest_route=\/wp\/v2\/posts\/14515\/revisions"}],"wp:attachment":[{"href":"https:\/\/ilheusnews.com.br\/index.php?rest_route=%2Fwp%2Fv2%2Fmedia&parent=14515"}],"wp:term":[{"taxonomy":"category","embeddable":true,"href":"https:\/\/ilheusnews.com.br\/index.php?rest_route=%2Fwp%2Fv2%2Fcategories&post=14515"},{"taxonomy":"post_tag","embeddable":true,"href":"https:\/\/ilheusnews.com.br\/index.php?rest_route=%2Fwp%2Fv2%2Ftags&post=14515"}],"curies":[{"name":"wp","href":"https:\/\/api.w.org\/{rel}","templated":true}]}}