{"id":14465,"date":"2026-08-22T18:05:15","date_gmt":"2026-08-22T21:05:15","guid":{"rendered":"https:\/\/ilheusnews.com.br\/?p=14465"},"modified":"2026-08-22T18:05:15","modified_gmt":"2026-08-22T21:05:15","slug":"xique-xique-pode-ser-impedida-de-autorizar-mineracao-em-area-de-protecao-ambiental","status":"publish","type":"post","link":"https:\/\/ilheusnews.com.br\/?p=14465","title":{"rendered":"Xique-Xique pode ser impedida de autorizar minera\u00e7\u00e3o em \u00e1rea de prote\u00e7\u00e3o ambiental"},"content":{"rendered":"<div>A prefeitura de Xique-Xique dever\u00e1 receber uma recomenda\u00e7\u00e3o do MPF para que deixe de expedir licen\u00e7as ambientais, autoriza\u00e7\u00f5es ou certid\u00f5es de inexigibilidade para atividades de minera\u00e7\u00e3o dentro da \u00c1rea de Prote\u00e7\u00e3o Ambiental (APA) Dunas e Veredas do Baixo M\u00e9dio S\u00e3o Francisco ou de outras Unidades de Conserva\u00e7\u00e3o Estaduais. A medida est\u00e1 relacionada a uma investiga\u00e7\u00e3o sobre poss\u00edveis irregularidades na extra\u00e7\u00e3o mineral no munic\u00edpio. Um laudo pericial produzido pela Pol\u00edcia Federal identificou atividade de extra\u00e7\u00e3o de areia \u00e0s margens do Rio S\u00e3o Francisco em uma \u00e1rea inserida na APA Dunas e Veredas do Baixo M\u00e9dio S\u00e3o Francisco. A apura\u00e7\u00e3o tamb\u00e9m encontrou a certid\u00e3o de inexigibilidade de licen\u00e7a ambiental n\u00ba 004\/2024, emitida pela pr\u00f3pria prefeitura de Xique-Xique em favor de uma empresa do setor miner\u00e1rio para atividades realizadas dentro dos limites da unidade de conserva\u00e7\u00e3o. Diante das constata\u00e7\u00f5es, foi instaurado procedimento administrativo para formalizar e acompanhar o cumprimento da recomenda\u00e7\u00e3o ao munic\u00edpio. A determina\u00e7\u00e3o prev\u00ea que a administra\u00e7\u00e3o municipal se abstenha de autorizar atividades miner\u00e1rias ou de apoio \u00e0 minera\u00e7\u00e3o dentro de unidades de conserva\u00e7\u00e3o estaduais. A medida foi deliberada em reuni\u00e3o realizada em mar\u00e7o de 2026 e agora ter\u00e1 sua minuta elaborada pela assessoria respons\u00e1vel. (Da Reda\u00e7\u00e3o)<\/div>\n","protected":false},"excerpt":{"rendered":"<p>A prefeitura de Xique-Xique dever\u00e1 receber uma recomenda\u00e7\u00e3o do MPF para que deixe de expedir licen\u00e7as ambientais, autoriza\u00e7\u00f5es ou certid\u00f5es de inexigibilidade para atividades de minera\u00e7\u00e3o dentro da \u00c1rea de Prote\u00e7\u00e3o Ambiental (APA) Dunas e Veredas do Baixo M\u00e9dio S\u00e3o Francisco ou de outras Unidades de Conserva\u00e7\u00e3o Estaduais. A medida est\u00e1 relacionada a uma investiga\u00e7\u00e3o<\/p>\n","protected":false},"author":8,"featured_media":0,"comment_status":"closed","ping_status":"closed","sticky":false,"template":"","format":"standard","meta":{"fifu_image_url":"","fifu_image_alt":"","footnotes":""},"categories":[33],"tags":[],"class_list":["post-14465","post","type-post","status-publish","format-standard","hentry","category-noticias"],"_links":{"self":[{"href":"https:\/\/ilheusnews.com.br\/index.php?rest_route=\/wp\/v2\/posts\/14465","targetHints":{"allow":["GET"]}}],"collection":[{"href":"https:\/\/ilheusnews.com.br\/index.php?rest_route=\/wp\/v2\/posts"}],"about":[{"href":"https:\/\/ilheusnews.com.br\/index.php?rest_route=\/wp\/v2\/types\/post"}],"author":[{"embeddable":true,"href":"https:\/\/ilheusnews.com.br\/index.php?rest_route=\/wp\/v2\/users\/8"}],"replies":[{"embeddable":true,"href":"https:\/\/ilheusnews.com.br\/index.php?rest_route=%2Fwp%2Fv2%2Fcomments&post=14465"}],"version-history":[{"count":0,"href":"https:\/\/ilheusnews.com.br\/index.php?rest_route=\/wp\/v2\/posts\/14465\/revisions"}],"wp:attachment":[{"href":"https:\/\/ilheusnews.com.br\/index.php?rest_route=%2Fwp%2Fv2%2Fmedia&parent=14465"}],"wp:term":[{"taxonomy":"category","embeddable":true,"href":"https:\/\/ilheusnews.com.br\/index.php?rest_route=%2Fwp%2Fv2%2Fcategories&post=14465"},{"taxonomy":"post_tag","embeddable":true,"href":"https:\/\/ilheusnews.com.br\/index.php?rest_route=%2Fwp%2Fv2%2Ftags&post=14465"}],"curies":[{"name":"wp","href":"https:\/\/api.w.org\/{rel}","templated":true}]}}