{"id":14464,"date":"2026-08-22T18:05:12","date_gmt":"2026-08-22T21:05:12","guid":{"rendered":"https:\/\/ilheusnews.com.br\/?p=14464"},"modified":"2026-08-22T18:05:12","modified_gmt":"2026-08-22T21:05:12","slug":"saude-prefeitura-e-alvo-de-inquerito-sobre-uso-irregular-de-recursos-do-fundef","status":"publish","type":"post","link":"https:\/\/ilheusnews.com.br\/?p=14464","title":{"rendered":"Sa\u00fade: Prefeitura \u00e9 alvo de inqu\u00e9rito sobre uso irregular de recursos do Fundef"},"content":{"rendered":"<div>A prefeitura de Sa\u00fade, no norte da Bahia, \u00e9 alvo de uma investiga\u00e7\u00e3o mais aprofundada do MPF sobre poss\u00edveis irregularidades na aplica\u00e7\u00e3o de recursos de precat\u00f3rios do Fundo de Manuten\u00e7\u00e3o e Desenvolvimento do Ensino Fundamental e de Valoriza\u00e7\u00e3o do Magist\u00e9rio (Fundef). Os fatos teriam ocorrido entre 2021 e 2023 e foram apontados pelo Tribunal de Contas da Uni\u00e3o (TCU) no Ac\u00f3rd\u00e3o n\u00ba 6814\/2025, relacionado ao processo TC n\u00ba 036.767\/2023-9. Segundo os elementos reunidos no procedimento, teriam sido realizados pagamentos com recursos dos precat\u00f3rios do Fundef em despesas que n\u00e3o se enquadrariam como manuten\u00e7\u00e3o e desenvolvimento do ensino. Tamb\u00e9m foi identificada a retirada de valores da conta espec\u00edfica do fundo e a transfer\u00eancia para outras contas banc\u00e1rias de titularidade do munic\u00edpio, sem a posterior recomposi\u00e7\u00e3o dos recursos. Diante da necessidade de aprofundar a apura\u00e7\u00e3o, o procedimento preparat\u00f3rio foi convertido em inqu\u00e9rito civil. A investiga\u00e7\u00e3o vai avaliar as responsabilidades e as circunst\u00e2ncias envolvendo a aplica\u00e7\u00e3o dos recursos. Caso as irregularidades sejam comprovadas, os fatos poder\u00e3o ser enquadrados como atos de improbidade administrativa, conforme previsto na Lei n\u00ba 8.429\/92. (Da Reda\u00e7\u00e3o)<\/div>\n","protected":false},"excerpt":{"rendered":"<p>A prefeitura de Sa\u00fade, no norte da Bahia, \u00e9 alvo de uma investiga\u00e7\u00e3o mais aprofundada do MPF sobre poss\u00edveis irregularidades na aplica\u00e7\u00e3o de recursos de precat\u00f3rios do Fundo de Manuten\u00e7\u00e3o e Desenvolvimento do Ensino Fundamental e de Valoriza\u00e7\u00e3o do Magist\u00e9rio (Fundef). Os fatos teriam ocorrido entre 2021 e 2023 e foram apontados pelo Tribunal de<\/p>\n","protected":false},"author":8,"featured_media":0,"comment_status":"closed","ping_status":"closed","sticky":false,"template":"","format":"standard","meta":{"fifu_image_url":"","fifu_image_alt":"","footnotes":""},"categories":[33],"tags":[],"class_list":["post-14464","post","type-post","status-publish","format-standard","hentry","category-noticias"],"_links":{"self":[{"href":"https:\/\/ilheusnews.com.br\/index.php?rest_route=\/wp\/v2\/posts\/14464","targetHints":{"allow":["GET"]}}],"collection":[{"href":"https:\/\/ilheusnews.com.br\/index.php?rest_route=\/wp\/v2\/posts"}],"about":[{"href":"https:\/\/ilheusnews.com.br\/index.php?rest_route=\/wp\/v2\/types\/post"}],"author":[{"embeddable":true,"href":"https:\/\/ilheusnews.com.br\/index.php?rest_route=\/wp\/v2\/users\/8"}],"replies":[{"embeddable":true,"href":"https:\/\/ilheusnews.com.br\/index.php?rest_route=%2Fwp%2Fv2%2Fcomments&post=14464"}],"version-history":[{"count":0,"href":"https:\/\/ilheusnews.com.br\/index.php?rest_route=\/wp\/v2\/posts\/14464\/revisions"}],"wp:attachment":[{"href":"https:\/\/ilheusnews.com.br\/index.php?rest_route=%2Fwp%2Fv2%2Fmedia&parent=14464"}],"wp:term":[{"taxonomy":"category","embeddable":true,"href":"https:\/\/ilheusnews.com.br\/index.php?rest_route=%2Fwp%2Fv2%2Fcategories&post=14464"},{"taxonomy":"post_tag","embeddable":true,"href":"https:\/\/ilheusnews.com.br\/index.php?rest_route=%2Fwp%2Fv2%2Ftags&post=14464"}],"curies":[{"name":"wp","href":"https:\/\/api.w.org\/{rel}","templated":true}]}}