{"id":14462,"date":"2026-08-22T12:05:01","date_gmt":"2026-08-22T15:05:01","guid":{"rendered":"https:\/\/ilheusnews.com.br\/?p=14462"},"modified":"2026-08-22T12:05:01","modified_gmt":"2026-08-22T15:05:01","slug":"eurofarma-reduz-preco-do-poviztra-caneta-com-semaglutida-para-doses-de-17-mg-e-24-mg","status":"publish","type":"post","link":"https:\/\/ilheusnews.com.br\/?p=14462","title":{"rendered":"Eurofarma reduz pre\u00e7o do Poviztra, caneta com semaglutida, para doses de 1,7 mg e 2,4 mg"},"content":{"rendered":"<div>\n<p>A Eurofarma <a href=\"https:\/\/eurofarma.com.br\/sala-de-imprensa\/eurofarma-reduz-preco-caneta-emagrecedora-poviztra\" target=\"_blank\" rel=\"noreferrer noopener\">anunciou nesta sexta-feira<\/a> (21) a redu\u00e7\u00e3o dos pre\u00e7os das doses de 1,7 mg e 2,4 mg do Poviztra, caneta \u00e0 base de semaglutida indicada para o tratamento da obesidade e sobrepeso.<\/p>\n<p>Dentro do programa EuroCuida, da pr\u00f3pria fabricante, a dose de 1,7 mg cai de R$ 1.189 para R$ 829 \u2013 redu\u00e7\u00e3o de R$ 360. A de 2,4 mg passa de R$ 1.444 para R$ 1.169, R$ 275 a menos.<\/p>\n<h2 class=\"wp-block-heading\" id=\"h-quem-pode-acessar-os-novos-precos\">Quem pode acessar os novos pre\u00e7os<\/h2>\n<p>A redu\u00e7\u00e3o n\u00e3o vale para qualquer compra, conforme explicou o <em><a href=\"https:\/\/g1.globo.com\/saude\/noticia\/2026\/08\/21\/farmaceutica-preco-poviztra-caneta-semaglutida.ghtml\" target=\"_blank\" rel=\"noreferrer noopener\">G1<\/a><\/em>. Para ter acesso aos novos valores, o paciente precisa estar cadastrado no EuroCuida e ter comprado ao menos uma caixa de Poviztra nos 80 dias anteriores \u00e0 nova compra.<\/p>\n<p>Ou seja: quem ainda n\u00e3o usa o medicamento n\u00e3o consegue come\u00e7ar diretamente pelas doses de 1,7 mg ou 2,4 mg pagando esses valores. A condi\u00e7\u00e3o \u00e9 voltada a pacientes que j\u00e1 est\u00e3o em tratamento e avan\u00e7aram para doses mais altas.<\/p>\n<p>Fora do programa, os pre\u00e7os podem ser mais altos e variar entre as farm\u00e1cias.<\/p>\n<h2 class=\"wp-block-heading\" id=\"h-como-interpretar-os-percentuais\">Como interpretar os percentuais<\/h2>\n<p>Os percentuais de desconto mudam conforme a compara\u00e7\u00e3o. Em rela\u00e7\u00e3o aos valores cobrados anteriormente dentro do pr\u00f3prio programa, a redu\u00e7\u00e3o \u00e9 de 30% para a dose de 1,7 mg e de 19% para a de 2,4 mg.<\/p>\n<p>J\u00e1 na compara\u00e7\u00e3o com o Pre\u00e7o M\u00e1ximo ao Consumidor (PMC) usado como refer\u00eancia pela Eurofarma, os novos valores ficam 39% e 29% abaixo do teto, respectivamente.<\/p>\n<p>Em junho, a Eurofarma j\u00e1 havia reduzido os pre\u00e7os das doses menores do Poviztra. As apresenta\u00e7\u00f5es de 0,25 mg e 0,5 mg passaram a custar R$ 445 dentro do programa, enquanto a de 1 mg ficou em R$ 490.<\/p>\n<p>Para quem est\u00e1 iniciando o tratamento, um conjunto com uma caixa de 0,25 mg e outra de 0,5 mg custa R$ 590, ou seja, R$ 295 por caixa. A dose de 1 mg pode sair por R$ 309 se comprada em at\u00e9 80 dias ap\u00f3s a primeira aquisi\u00e7\u00e3o.<\/p>\n<h2 class=\"wp-block-heading\" id=\"h-o-contexto-do-mercado\">O contexto do mercado<\/h2>\n<p>O Poviztra tem como princ\u00edpio ativo a semaglutida, subst\u00e2ncia da classe dos agonistas de GLP-1 \u2013 medicamentos que atuam em mecanismos ligados \u00e0 saciedade e \u00e0 ingest\u00e3o de alimentos. O uso exige prescri\u00e7\u00e3o e acompanhamento m\u00e9dico.<\/p>\n<p>A nova redu\u00e7\u00e3o ocorre em meio ao aumento da concorr\u00eancia no mercado de medicamentos contra obesidade no Brasil, que ganhou mais op\u00e7\u00f5es e uma disputa maior de pre\u00e7os entre fabricantes.<\/p>\n<p>\u201cA continuidade do tratamento \u00e9 fundamental para que os pacientes possam seguir sua jornada de cuidado de forma adequada\u201d, disse Andr\u00e9a Fraz\u00e3o, diretora de Prescri\u00e7\u00e3o M\u00e9dica da Eurofarma, em comunicado oficial.<\/p>\n<p>O post <a href=\"https:\/\/olhardigital.com.br\/2026\/08\/22\/medicina-e-saude\/eurofarma-reduz-preco-do-poviztra-caneta-com-semaglutida-para-doses-de-17-mg-e-24-mg\/\">Eurofarma reduz pre\u00e7o do Poviztra, caneta com semaglutida, para doses de 1,7 mg e 2,4 mg<\/a> apareceu primeiro em <a href=\"https:\/\/olhardigital.com.br\/\">Olhar Digital<\/a>.<\/p>\n<\/div>\n","protected":false},"excerpt":{"rendered":"<p>A Eurofarma anunciou nesta sexta-feira (21) a redu\u00e7\u00e3o dos pre\u00e7os das doses de 1,7 mg e 2,4 mg do Poviztra, caneta \u00e0 base de semaglutida indicada para o tratamento da obesidade e sobrepeso. Dentro do programa EuroCuida, da pr\u00f3pria fabricante, a dose de 1,7 mg cai de R$ 1.189 para R$ 829 \u2013 redu\u00e7\u00e3o de<\/p>\n","protected":false},"author":6,"featured_media":0,"comment_status":"closed","ping_status":"closed","sticky":false,"template":"","format":"standard","meta":{"fifu_image_url":"","fifu_image_alt":"","footnotes":""},"categories":[33],"tags":[],"class_list":["post-14462","post","type-post","status-publish","format-standard","hentry","category-noticias"],"_links":{"self":[{"href":"https:\/\/ilheusnews.com.br\/index.php?rest_route=\/wp\/v2\/posts\/14462","targetHints":{"allow":["GET"]}}],"collection":[{"href":"https:\/\/ilheusnews.com.br\/index.php?rest_route=\/wp\/v2\/posts"}],"about":[{"href":"https:\/\/ilheusnews.com.br\/index.php?rest_route=\/wp\/v2\/types\/post"}],"author":[{"embeddable":true,"href":"https:\/\/ilheusnews.com.br\/index.php?rest_route=\/wp\/v2\/users\/6"}],"replies":[{"embeddable":true,"href":"https:\/\/ilheusnews.com.br\/index.php?rest_route=%2Fwp%2Fv2%2Fcomments&post=14462"}],"version-history":[{"count":0,"href":"https:\/\/ilheusnews.com.br\/index.php?rest_route=\/wp\/v2\/posts\/14462\/revisions"}],"wp:attachment":[{"href":"https:\/\/ilheusnews.com.br\/index.php?rest_route=%2Fwp%2Fv2%2Fmedia&parent=14462"}],"wp:term":[{"taxonomy":"category","embeddable":true,"href":"https:\/\/ilheusnews.com.br\/index.php?rest_route=%2Fwp%2Fv2%2Fcategories&post=14462"},{"taxonomy":"post_tag","embeddable":true,"href":"https:\/\/ilheusnews.com.br\/index.php?rest_route=%2Fwp%2Fv2%2Ftags&post=14462"}],"curies":[{"name":"wp","href":"https:\/\/api.w.org\/{rel}","templated":true}]}}