{"id":14450,"date":"2026-08-22T12:04:56","date_gmt":"2026-08-22T15:04:56","guid":{"rendered":"https:\/\/ilheusnews.com.br\/?p=14450"},"modified":"2026-08-22T12:04:56","modified_gmt":"2026-08-22T15:04:56","slug":"feira-de-santana-fernando-torres-participa-de-caminhada-ao-lado-de-matheus-de-geraldo-junior","status":"publish","type":"post","link":"https:\/\/ilheusnews.com.br\/?p=14450","title":{"rendered":"Feira de Santana: Fernando Torres participa de caminhada ao lado de Matheus de Geraldo J\u00fanior"},"content":{"rendered":"<div>O ex-vereador e ex-presidente da C\u00e2mara de Feira de Santana, Fernando Torres, participou, na manh\u00e3 deste s\u00e1bado, da caminhada liderada pelo governador Jer\u00f4nimo Rodrigues, em Feira de Santana. A presen\u00e7a de Torres chamou aten\u00e7\u00e3o pelo apoio ao projeto pol\u00edtico do deputado estadual Matheus de Geraldo J\u00fanior, filho do vice-governador Geraldo J\u00fanior. Ao longo do percurso, Fernando Torres acompanhou Matheus de Geraldo J\u00fanior e outras lideran\u00e7as que participaram da mobiliza\u00e7\u00e3o. A caminhada reuniu toda a chapa de Jer\u00f4nimo na cidade, al\u00e9m de deputados estaduais e federais, candidatos, prefeitos, vereadores e apoiadores. A presen\u00e7a de Fernando Torres refor\u00e7a sua aproxima\u00e7\u00e3o com o grupo pol\u00edtico e d\u00e1 visibilidade ao apoio \u00e0 candidatura de Matheus de Geraldo J\u00fanior. O movimento deste s\u00e1bado reuniu diferentes for\u00e7as pol\u00edticas de Feira de Santana em torno da caminhada e marcou uma das principais agendas do grupo na cidade. (Da Reda\u00e7\u00e3o)<\/div>\n","protected":false},"excerpt":{"rendered":"<p>O ex-vereador e ex-presidente da C\u00e2mara de Feira de Santana, Fernando Torres, participou, na manh\u00e3 deste s\u00e1bado, da caminhada liderada pelo governador Jer\u00f4nimo Rodrigues, em Feira de Santana. A presen\u00e7a de Torres chamou aten\u00e7\u00e3o pelo apoio ao projeto pol\u00edtico do deputado estadual Matheus de Geraldo J\u00fanior, filho do vice-governador Geraldo J\u00fanior. Ao longo do percurso,<\/p>\n","protected":false},"author":8,"featured_media":0,"comment_status":"closed","ping_status":"closed","sticky":false,"template":"","format":"standard","meta":{"fifu_image_url":"","fifu_image_alt":"","footnotes":""},"categories":[33],"tags":[],"class_list":["post-14450","post","type-post","status-publish","format-standard","hentry","category-noticias"],"_links":{"self":[{"href":"https:\/\/ilheusnews.com.br\/index.php?rest_route=\/wp\/v2\/posts\/14450","targetHints":{"allow":["GET"]}}],"collection":[{"href":"https:\/\/ilheusnews.com.br\/index.php?rest_route=\/wp\/v2\/posts"}],"about":[{"href":"https:\/\/ilheusnews.com.br\/index.php?rest_route=\/wp\/v2\/types\/post"}],"author":[{"embeddable":true,"href":"https:\/\/ilheusnews.com.br\/index.php?rest_route=\/wp\/v2\/users\/8"}],"replies":[{"embeddable":true,"href":"https:\/\/ilheusnews.com.br\/index.php?rest_route=%2Fwp%2Fv2%2Fcomments&post=14450"}],"version-history":[{"count":0,"href":"https:\/\/ilheusnews.com.br\/index.php?rest_route=\/wp\/v2\/posts\/14450\/revisions"}],"wp:attachment":[{"href":"https:\/\/ilheusnews.com.br\/index.php?rest_route=%2Fwp%2Fv2%2Fmedia&parent=14450"}],"wp:term":[{"taxonomy":"category","embeddable":true,"href":"https:\/\/ilheusnews.com.br\/index.php?rest_route=%2Fwp%2Fv2%2Fcategories&post=14450"},{"taxonomy":"post_tag","embeddable":true,"href":"https:\/\/ilheusnews.com.br\/index.php?rest_route=%2Fwp%2Fv2%2Ftags&post=14450"}],"curies":[{"name":"wp","href":"https:\/\/api.w.org\/{rel}","templated":true}]}}