{"id":14448,"date":"2026-08-22T12:04:52","date_gmt":"2026-08-22T15:04:52","guid":{"rendered":"https:\/\/ilheusnews.com.br\/?p=14448"},"modified":"2026-08-22T12:04:52","modified_gmt":"2026-08-22T15:04:52","slug":"feira-de-santana-toda-a-chapa-de-jeronimo-participa-de-caminhada","status":"publish","type":"post","link":"https:\/\/ilheusnews.com.br\/?p=14448","title":{"rendered":"Feira de Santana: Toda a chapa de Jer\u00f4nimo participa de caminhada"},"content":{"rendered":"<div>O governador Jer\u00f4nimo Rodrigues, o vice-governador Geraldo J\u00fanior, o senador Jaques Wagner e o ex-ministro Rui Costa participaram, na manh\u00e3 deste s\u00e1bado (22), de uma caminhada em Feira de Santana. A agenda reuniu importantes nomes do grupo pol\u00edtico na cidade e contou tamb\u00e9m com a presen\u00e7a de deputados estaduais e federais, candidatos, prefeitos, vereadores e lideran\u00e7as pol\u00edticas. A mobiliza\u00e7\u00e3o levou muita gente \u00e0s ruas e refor\u00e7ou a presen\u00e7a do grupo do governador na segunda maior cidade da Bahia. Al\u00e9m das lideran\u00e7as estaduais, o ato reuniu representantes de diferentes munic\u00edpios e apoiadores que acompanharam a caminhada. A presen\u00e7a de Jer\u00f4nimo, Geraldo J\u00fanior, Jaques Wagner e Rui Costa em Feira de Santana neste s\u00e1bado refor\u00e7a o peso pol\u00edtico da cidade para o projeto do grupo nas elei\u00e7\u00f5es de 2026. O movimento tamb\u00e9m aproximou candidatos, lideran\u00e7as e eleitores em uma das principais agendas pol\u00edticas do fim de semana na Bahia. (Da Reda\u00e7\u00e3o)<\/div>\n","protected":false},"excerpt":{"rendered":"<p>O governador Jer\u00f4nimo Rodrigues, o vice-governador Geraldo J\u00fanior, o senador Jaques Wagner e o ex-ministro Rui Costa participaram, na manh\u00e3 deste s\u00e1bado (22), de uma caminhada em Feira de Santana. A agenda reuniu importantes nomes do grupo pol\u00edtico na cidade e contou tamb\u00e9m com a presen\u00e7a de deputados estaduais e federais, candidatos, prefeitos, vereadores e<\/p>\n","protected":false},"author":8,"featured_media":0,"comment_status":"closed","ping_status":"closed","sticky":false,"template":"","format":"standard","meta":{"fifu_image_url":"","fifu_image_alt":"","footnotes":""},"categories":[33],"tags":[],"class_list":["post-14448","post","type-post","status-publish","format-standard","hentry","category-noticias"],"_links":{"self":[{"href":"https:\/\/ilheusnews.com.br\/index.php?rest_route=\/wp\/v2\/posts\/14448","targetHints":{"allow":["GET"]}}],"collection":[{"href":"https:\/\/ilheusnews.com.br\/index.php?rest_route=\/wp\/v2\/posts"}],"about":[{"href":"https:\/\/ilheusnews.com.br\/index.php?rest_route=\/wp\/v2\/types\/post"}],"author":[{"embeddable":true,"href":"https:\/\/ilheusnews.com.br\/index.php?rest_route=\/wp\/v2\/users\/8"}],"replies":[{"embeddable":true,"href":"https:\/\/ilheusnews.com.br\/index.php?rest_route=%2Fwp%2Fv2%2Fcomments&post=14448"}],"version-history":[{"count":0,"href":"https:\/\/ilheusnews.com.br\/index.php?rest_route=\/wp\/v2\/posts\/14448\/revisions"}],"wp:attachment":[{"href":"https:\/\/ilheusnews.com.br\/index.php?rest_route=%2Fwp%2Fv2%2Fmedia&parent=14448"}],"wp:term":[{"taxonomy":"category","embeddable":true,"href":"https:\/\/ilheusnews.com.br\/index.php?rest_route=%2Fwp%2Fv2%2Fcategories&post=14448"},{"taxonomy":"post_tag","embeddable":true,"href":"https:\/\/ilheusnews.com.br\/index.php?rest_route=%2Fwp%2Fv2%2Ftags&post=14448"}],"curies":[{"name":"wp","href":"https:\/\/api.w.org\/{rel}","templated":true}]}}