{"id":14447,"date":"2026-08-22T12:04:51","date_gmt":"2026-08-22T15:04:51","guid":{"rendered":"https:\/\/ilheusnews.com.br\/?p=14447"},"modified":"2026-08-22T12:04:51","modified_gmt":"2026-08-22T15:04:51","slug":"comite-de-ze-neto-agora-e-de-todos-os-estaduais-nas-eleicoes","status":"publish","type":"post","link":"https:\/\/ilheusnews.com.br\/?p=14447","title":{"rendered":"Comit\u00ea de Z\u00e9 Neto agora \u00e9 de \u201ctodos\u201d os estaduais nas elei\u00e7\u00f5es"},"content":{"rendered":"<div>O deputado federal Z\u00e9 Neto (PT) pela primeira vez disputa uma reelei\u00e7\u00e3o de Feira de Santana e n\u00e3o tem mais comit\u00ea \u201ccasado\u201d, mesmo o partido tendo um candidato a deputado estadual em Feira de Santana, o vereador Silvio Dias. E, claro, perde Robinson Almeida (PT) que tinha comit\u00ea casado com Neto nas elei\u00e7\u00f5es passadas. Cada um agora tem o seu\u2026 (Foto ilustra\u00e7\u00e3o: Silvio Dias e Z\u00e9 Neto na inaugura\u00e7\u00e3o do comit\u00ea do deputado)<\/div>\n","protected":false},"excerpt":{"rendered":"<p>O deputado federal Z\u00e9 Neto (PT) pela primeira vez disputa uma reelei\u00e7\u00e3o de Feira de Santana e n\u00e3o tem mais comit\u00ea \u201ccasado\u201d, mesmo o partido tendo um candidato a deputado estadual em Feira de Santana, o vereador Silvio Dias. E, claro, perde Robinson Almeida (PT) que tinha comit\u00ea casado com Neto nas elei\u00e7\u00f5es passadas. Cada<\/p>\n","protected":false},"author":8,"featured_media":0,"comment_status":"closed","ping_status":"closed","sticky":false,"template":"","format":"standard","meta":{"fifu_image_url":"","fifu_image_alt":"","footnotes":""},"categories":[33],"tags":[],"class_list":["post-14447","post","type-post","status-publish","format-standard","hentry","category-noticias"],"_links":{"self":[{"href":"https:\/\/ilheusnews.com.br\/index.php?rest_route=\/wp\/v2\/posts\/14447","targetHints":{"allow":["GET"]}}],"collection":[{"href":"https:\/\/ilheusnews.com.br\/index.php?rest_route=\/wp\/v2\/posts"}],"about":[{"href":"https:\/\/ilheusnews.com.br\/index.php?rest_route=\/wp\/v2\/types\/post"}],"author":[{"embeddable":true,"href":"https:\/\/ilheusnews.com.br\/index.php?rest_route=\/wp\/v2\/users\/8"}],"replies":[{"embeddable":true,"href":"https:\/\/ilheusnews.com.br\/index.php?rest_route=%2Fwp%2Fv2%2Fcomments&post=14447"}],"version-history":[{"count":0,"href":"https:\/\/ilheusnews.com.br\/index.php?rest_route=\/wp\/v2\/posts\/14447\/revisions"}],"wp:attachment":[{"href":"https:\/\/ilheusnews.com.br\/index.php?rest_route=%2Fwp%2Fv2%2Fmedia&parent=14447"}],"wp:term":[{"taxonomy":"category","embeddable":true,"href":"https:\/\/ilheusnews.com.br\/index.php?rest_route=%2Fwp%2Fv2%2Fcategories&post=14447"},{"taxonomy":"post_tag","embeddable":true,"href":"https:\/\/ilheusnews.com.br\/index.php?rest_route=%2Fwp%2Fv2%2Ftags&post=14447"}],"curies":[{"name":"wp","href":"https:\/\/api.w.org\/{rel}","templated":true}]}}