{"id":14446,"date":"2026-08-22T06:02:41","date_gmt":"2026-08-22T09:02:41","guid":{"rendered":"https:\/\/ilheusnews.com.br\/?p=14446"},"modified":"2026-08-22T06:02:41","modified_gmt":"2026-08-22T09:02:41","slug":"internacional-x-atletico-mineiro-onde-assistir-horario-e-escalacao-do-jogo-do-brasileirao","status":"publish","type":"post","link":"https:\/\/ilheusnews.com.br\/?p=14446","title":{"rendered":"Internacional x Atl\u00e9tico Mineiro: onde assistir, hor\u00e1rio e escala\u00e7\u00e3o do jogo do Brasileir\u00e3o"},"content":{"rendered":"<div>\n<p>Neste\u00a0<strong>s\u00e1bado\u00a0<\/strong>(22),\u00a0<strong>Internacional e Atl\u00e9tico Mineiro<\/strong>\u00a0se enfrentam em duelo v\u00e1lido pela<strong>\u00a024\u00aa rodada\u00a0<\/strong>do<strong>\u00a0<a href=\"https:\/\/olhardigital.com.br\/tag\/brasileirao\/\" target=\"_blank\" rel=\"noreferrer noopener\">Brasileir\u00e3o<\/a>\u00a02026<\/strong>. A bola rola para a partida \u00e0s\u00a0<strong>18h30 <\/strong>(hor\u00e1rio de Bras\u00edlia) no<strong>\u00a0Beira-Rio, em Porto Alegre (RS).<\/strong><\/p>\n<ul>\n<li><strong>Internacional x Atl\u00e9tico Mineiro:<\/strong>\n<ul>\n<li><strong>Competi\u00e7\u00e3o<\/strong>: Campeonato Brasileiro (Brasileir\u00e3o)<\/li>\n<li><strong>Rodada<\/strong>: 24\u00aa<\/li>\n<li><strong>Data<\/strong>: 22\/08 (s\u00e1bado)<\/li>\n<li><strong>Hor\u00e1rio<\/strong>: 18h30 (hor\u00e1rio de Bras\u00edlia)<\/li>\n<li>\u200b<strong>Local<\/strong>: Beira-Rio, em Porto Alegre (RS).<\/li>\n<\/ul>\n<\/li>\n<\/ul>\n<p><a href=\"https:\/\/olhardigital.com.br\/esportes\/jogos\" target=\"_blank\" rel=\"noreferrer noopener\">Confira aqui a tabela com todos os jogos de hoje!<\/a><\/p>\n<h2 class=\"wp-block-heading\" id=\"h-onde-assistir-a-internacional-x-atletico-mineiro-pelo-brasileirao-2026\">Onde assistir a Internacional x Atl\u00e9tico Mineiro pelo Brasileir\u00e3o 2026?<\/h2>\n<p>O jogo entre<strong>\u00a0Internacional e Atl\u00e9tico Mineiro\u00a0<\/strong>ter\u00e1\u00a0<strong>transmiss\u00e3o ao vivo no Premiere<\/strong> e <strong>SporTV<\/strong>.<\/p>\n<p><strong>Para assinar o Premiere com sete dias gr\u00e1tis pelo Prime,\u00a0<a href=\"https:\/\/www.primevideo.com\/offers\/?benefitId=premierefcbr&amp;tag=odofertas-20\" target=\"_blank\" rel=\"noreferrer noopener\">clique\u00a0aqui<\/a><\/strong>.<\/p>\n<p><strong>Prov\u00e1veis escala\u00e7\u00f5es e arbitragem:<\/strong><\/p>\n<ul>\n<li><strong>Internacional<\/strong>: Marcelo Cunha; Mercado, Marip\u00e1n e Bruno Gomes; Vitinho, Villagra, Bruno Henrique e Bernabei; Alan Patrick e Carbonero; Alerrandro.\n<ul>\n<li><strong>T\u00e9cnico<\/strong>: Paulo Pezzolano.<\/li>\n<\/ul>\n<\/li>\n<li><strong>Atl\u00e9tico Mineiro<\/strong>: \u00c9verson; Natanael, Tressoldi, Vitor Hugo e Renan Lodi; Alan Franco e Maycon; Cuello, Victor Hugo e Bernard; Cassierra.\n<ul>\n<li><strong>T\u00e9cnico<\/strong>: Eduardo Dom\u00ednguez.<\/li>\n<\/ul>\n<\/li>\n<li><strong>Arbitragem<\/strong>:\n<ul>\n<li><strong>\u00c1rbitro<\/strong>: Lucas Casagrande (RS).<\/li>\n<li><strong>Auxiliares<\/strong>: Victor Hugo dos Santos e Andrey Luiz de Freitas (RS).<\/li>\n<li><strong>VAR<\/strong>: Rodrigo Guarizo do Amaral (SP).<\/li>\n<\/ul>\n<\/li>\n<\/ul>\n<p><em>As escala\u00e7\u00f5es confirmadas s\u00e3o divulgadas cerca de uma hora antes do jogo.<\/em><\/p>\n<p><strong>Leia mais:<\/strong><\/p>\n<ul>\n<li><a href=\"https:\/\/olhardigital.com.br\/2022\/08\/24\/dicas-e-tutoriais\/futebol-ao-vivo-conheca-5-apps-para-assistir-aos-jogos-pelo-celular\/\" target=\"_blank\" rel=\"noreferrer noopener\">Futebol ao vivo no celular: aplicativos para assistir a jogos ao vivo<\/a><\/li>\n<li><a href=\"https:\/\/olhardigital.com.br\/2021\/01\/22\/dicas-e-tutoriais\/os-5-melhores-aplicativos-para-acompanhar-resultado-de-futebol-com-o-celular\/\" target=\"_blank\" rel=\"noreferrer noopener\">Resultado do futebol: veja os 5 melhores aplicativos<\/a><\/li>\n<li><a href=\"https:\/\/olhardigital.com.br\/2024\/02\/15\/tira-duvidas\/var-o-que-e-e-como-funciona-um-arbitro-de-video-no-futebol\/\" target=\"_blank\" rel=\"noreferrer noopener\">VAR: o que \u00e9 e como funciona um \u00e1rbitro de v\u00eddeo no futebol?<\/a><\/li>\n<\/ul>\n<h2 class=\"wp-block-heading\" id=\"h-internacional-e-atletico-mineiro-na-atual-temporada\">Internacional e Atl\u00e9tico Mineiro na atual temporada:<\/h2>\n<p>O\u00a0<strong>Internacional<\/strong>, atual d\u00e9cimo sexto colocado, est\u00e1 a apenas um ponto da zona de rebaixamento. Na competi\u00e7\u00e3o, a equipe de Pezzolano n\u00e3o venceu desde maio. Pela Copa do Brasil, avan\u00e7ou \u00e0s quartas de final e enfrentar\u00e1 o rival, Gr\u00eamio.<\/p>\n<p>O <strong>Atl\u00e9tico Mineiro<\/strong>\u00a0vive uma fase completamente oposta. Sem perder uma partida desde maio, o clube mineiro \u00e9 o oitavo colocado do Brasileir\u00e3o com 32 pontos. Na Copa do Brasil e Copa Sul-Americana, est\u00e1 classificado para as quartas de final.<\/p>\n<p><a href=\"https:\/\/olhardigital.com.br\/esportes\/jogos\/\" target=\"_blank\" rel=\"noreferrer noopener\">N\u00e3o quer perder nenhuma partida do seu esporte preferido? Confira <\/a><a href=\"https:\/\/olhardigital.com.br\/esportes\/jogos\/\" target=\"_blank\" rel=\"noreferrer noopener\">os jogos de hoje<\/a><\/p>\n<p>O post <a href=\"https:\/\/olhardigital.com.br\/2026\/08\/22\/internet-e-redes-sociais\/internacional-x-atletico-mineiro-onde-assistir-horario-e-escalacao-do-jogo-do-brasileirao\/\">Internacional x Atl\u00e9tico Mineiro: onde assistir, hor\u00e1rio e escala\u00e7\u00e3o do jogo do Brasileir\u00e3o<\/a> apareceu primeiro em <a href=\"https:\/\/olhardigital.com.br\/\">Olhar Digital<\/a>.<\/p>\n<\/div>\n","protected":false},"excerpt":{"rendered":"<p>Neste\u00a0s\u00e1bado\u00a0(22),\u00a0Internacional e Atl\u00e9tico Mineiro\u00a0se enfrentam em duelo v\u00e1lido pela\u00a024\u00aa rodada\u00a0do\u00a0Brasileir\u00e3o\u00a02026. A bola rola para a partida \u00e0s\u00a018h30 (hor\u00e1rio de Bras\u00edlia) no\u00a0Beira-Rio, em Porto Alegre (RS). Internacional x Atl\u00e9tico Mineiro: Competi\u00e7\u00e3o: Campeonato Brasileiro (Brasileir\u00e3o) Rodada: 24\u00aa Data: 22\/08 (s\u00e1bado) Hor\u00e1rio: 18h30 (hor\u00e1rio de Bras\u00edlia) \u200bLocal: Beira-Rio, em Porto Alegre (RS). Confira aqui a tabela com todos<\/p>\n","protected":false},"author":6,"featured_media":0,"comment_status":"closed","ping_status":"closed","sticky":false,"template":"","format":"standard","meta":{"fifu_image_url":"","fifu_image_alt":"","footnotes":""},"categories":[33],"tags":[],"class_list":["post-14446","post","type-post","status-publish","format-standard","hentry","category-noticias"],"_links":{"self":[{"href":"https:\/\/ilheusnews.com.br\/index.php?rest_route=\/wp\/v2\/posts\/14446","targetHints":{"allow":["GET"]}}],"collection":[{"href":"https:\/\/ilheusnews.com.br\/index.php?rest_route=\/wp\/v2\/posts"}],"about":[{"href":"https:\/\/ilheusnews.com.br\/index.php?rest_route=\/wp\/v2\/types\/post"}],"author":[{"embeddable":true,"href":"https:\/\/ilheusnews.com.br\/index.php?rest_route=\/wp\/v2\/users\/6"}],"replies":[{"embeddable":true,"href":"https:\/\/ilheusnews.com.br\/index.php?rest_route=%2Fwp%2Fv2%2Fcomments&post=14446"}],"version-history":[{"count":0,"href":"https:\/\/ilheusnews.com.br\/index.php?rest_route=\/wp\/v2\/posts\/14446\/revisions"}],"wp:attachment":[{"href":"https:\/\/ilheusnews.com.br\/index.php?rest_route=%2Fwp%2Fv2%2Fmedia&parent=14446"}],"wp:term":[{"taxonomy":"category","embeddable":true,"href":"https:\/\/ilheusnews.com.br\/index.php?rest_route=%2Fwp%2Fv2%2Fcategories&post=14446"},{"taxonomy":"post_tag","embeddable":true,"href":"https:\/\/ilheusnews.com.br\/index.php?rest_route=%2Fwp%2Fv2%2Ftags&post=14446"}],"curies":[{"name":"wp","href":"https:\/\/api.w.org\/{rel}","templated":true}]}}