{"id":14445,"date":"2026-08-22T06:02:40","date_gmt":"2026-08-22T09:02:40","guid":{"rendered":"https:\/\/ilheusnews.com.br\/?p=14445"},"modified":"2026-08-22T06:02:40","modified_gmt":"2026-08-22T09:02:40","slug":"fluminense-x-remo-onde-assistir-horario-e-escalacao-do-jogo-do-brasileirao","status":"publish","type":"post","link":"https:\/\/ilheusnews.com.br\/?p=14445","title":{"rendered":"Fluminense x Remo: onde assistir, hor\u00e1rio e escala\u00e7\u00e3o do jogo do Brasileir\u00e3o"},"content":{"rendered":"<div>\n<p>Neste\u00a0<strong>s\u00e1bado\u00a0<\/strong>(22),\u00a0<strong>Fluminense e Remo<\/strong>\u00a0se enfrentam em duelo v\u00e1lido pela<strong>\u00a024\u00aa rodada\u00a0<\/strong>do<strong>\u00a0<a href=\"https:\/\/olhardigital.com.br\/tag\/brasileirao\/\" target=\"_blank\" rel=\"noreferrer noopener\">Brasileir\u00e3o<\/a>\u00a02026<\/strong>. A bola rola para a partida \u00e0s\u00a0<strong>16h <\/strong>(hor\u00e1rio de Bras\u00edlia) no<strong>\u00a0Maracan\u00e3, no Rio de Janeiro (RJ).<\/strong><\/p>\n<ul>\n<li><strong>Fluminense x Remo:<\/strong>\n<ul>\n<li><strong>Competi\u00e7\u00e3o<\/strong>: Campeonato Brasileiro (Brasileir\u00e3o)<\/li>\n<li><strong>Rodada<\/strong>: 24\u00aa<\/li>\n<li><strong>Data<\/strong>: 22\/08 (s\u00e1bado)<\/li>\n<li><strong>Hor\u00e1rio<\/strong>: 16h (hor\u00e1rio de Bras\u00edlia)<\/li>\n<li>\u200b<strong>Local<\/strong>: Maracan\u00e3, no Rio de Janeiro (RJ).<\/li>\n<\/ul>\n<\/li>\n<\/ul>\n<p><a href=\"https:\/\/olhardigital.com.br\/esportes\/jogos\" target=\"_blank\" rel=\"noreferrer noopener\">Confira aqui a tabela com todos os jogos de hoje!<\/a><\/p>\n<h2 class=\"wp-block-heading\" id=\"h-onde-assistir-a-fluminense-x-remo-pelo-brasileirao-2026\">Onde assistir a Fluminense x Remo pelo Brasileir\u00e3o 2026?<\/h2>\n<p>O jogo entre<strong>\u00a0Fluminense e Remo\u00a0<\/strong>ter\u00e1\u00a0<strong>transmiss\u00e3o ao vivo no Premiere<\/strong>.<\/p>\n<p><strong>Para assinar o Premiere com sete dias gr\u00e1tis pelo Prime,\u00a0<a href=\"https:\/\/www.primevideo.com\/offers\/?benefitId=premierefcbr&amp;tag=odofertas-20\" target=\"_blank\" rel=\"noreferrer noopener\">clique\u00a0aqui<\/a><\/strong>.<\/p>\n<p><strong>Prov\u00e1veis escala\u00e7\u00f5es e arbitragem:<\/strong><\/p>\n<ul>\n<li><strong>Fluminense<\/strong>: F\u00e1bio; Samuel Xavier, Ign\u00e1cio, Thiago Silva e Ren\u00ea; Martinelli e H\u00e9rcules; Agust\u00edn Canobbio, Ganso e Yeferson Soteldo; Hulk.\n<ul>\n<li><strong>T\u00e9cnico<\/strong>: Marc\u00e3o.<\/li>\n<\/ul>\n<\/li>\n<li><strong>Remo<\/strong>: Marcelo Rangel; Marcelinho, Duplexe Tchamba, Z\u00e9 Ivaldo e Marlon; Z\u00e9 Welison, Leonel Picco e Z\u00e9 Ricardo; Yago Pikachu, Jaj\u00e1 e Gabriel Taliari.\n<ul>\n<li><strong>T\u00e9cnico<\/strong>: L\u00e9o Cond\u00e9.<\/li>\n<\/ul>\n<\/li>\n<li><strong>Arbitragem<\/strong>:\n<ul>\n<li><strong>\u00c1rbitro<\/strong>: Jo\u00e3o Vitor Gobi (SP).<\/li>\n<li><strong>Auxiliares<\/strong>: Alex Ang Ribeiro e Evandro de Melo Lima (SP).<\/li>\n<li><strong>VAR<\/strong>: Emerson de Almeida Ferreira (MG).<\/li>\n<\/ul>\n<\/li>\n<\/ul>\n<p><em>As escala\u00e7\u00f5es confirmadas s\u00e3o divulgadas cerca de uma hora antes do jogo.<\/em><\/p>\n<p><strong>Leia mais:<\/strong><\/p>\n<ul>\n<li><a href=\"https:\/\/olhardigital.com.br\/2022\/08\/24\/dicas-e-tutoriais\/futebol-ao-vivo-conheca-5-apps-para-assistir-aos-jogos-pelo-celular\/\" target=\"_blank\" rel=\"noreferrer noopener\">Futebol ao vivo no celular: aplicativos para assistir a jogos ao vivo<\/a><\/li>\n<li><a href=\"https:\/\/olhardigital.com.br\/2021\/01\/22\/dicas-e-tutoriais\/os-5-melhores-aplicativos-para-acompanhar-resultado-de-futebol-com-o-celular\/\" target=\"_blank\" rel=\"noreferrer noopener\">Resultado do futebol: veja os 5 melhores aplicativos<\/a><\/li>\n<li><a href=\"https:\/\/olhardigital.com.br\/2024\/02\/15\/tira-duvidas\/var-o-que-e-e-como-funciona-um-arbitro-de-video-no-futebol\/\" target=\"_blank\" rel=\"noreferrer noopener\">VAR: o que \u00e9 e como funciona um \u00e1rbitro de v\u00eddeo no futebol?<\/a><\/li>\n<\/ul>\n<h2 class=\"wp-block-heading\" id=\"h-fluminense-e-remo-na-atual-temporada\">Fluminense e Remo na atual temporada:<\/h2>\n<p>O\u00a0<strong>Fluminense\u00a0<\/strong>vive fase irregular na temporada. Apesar disso, conseguiu classifica\u00e7\u00e3o nos p\u00eanaltis contra o Independiente Rivadavia na Copa Libertadores e avan\u00e7ou \u00e0s quartas de final da competi\u00e7\u00e3o. No Brasileir\u00e3o, a equipe \u00e9 a quarta colocada. O t\u00e9cnico interino Marc\u00e3o assumiu o comando do time carioca ap\u00f3s a demiss\u00e3o de Luis Zubeld\u00eda, que perdeu o cargo depois do empate contra o Rivadavia na primeira partida do confronto.<\/p>\n<p>O\u00a0<strong>Remo<\/strong>\u00a0passa por momento ainda mais complicado. Na zona do rebaixamento, a equipe paraense n\u00e3o vence h\u00e1 cinco partidas, mas est\u00e1 a um ponto do primeiro fora do Z-4, o Internacional.<\/p>\n<p><a href=\"https:\/\/olhardigital.com.br\/esportes\/jogos\/\" target=\"_blank\" rel=\"noreferrer noopener\">N\u00e3o quer perder nenhuma partida do seu esporte preferido? Confira os jogos de hoje<\/a><\/p>\n<p>O post <a href=\"https:\/\/olhardigital.com.br\/2026\/08\/22\/internet-e-redes-sociais\/fluminense-x-remo-onde-assistir-horario-e-escalacao-do-jogo-do-brasileirao\/\">Fluminense x Remo: onde assistir, hor\u00e1rio e escala\u00e7\u00e3o do jogo do Brasileir\u00e3o<\/a> apareceu primeiro em <a href=\"https:\/\/olhardigital.com.br\/\">Olhar Digital<\/a>.<\/p>\n<\/div>\n","protected":false},"excerpt":{"rendered":"<p>Neste\u00a0s\u00e1bado\u00a0(22),\u00a0Fluminense e Remo\u00a0se enfrentam em duelo v\u00e1lido pela\u00a024\u00aa rodada\u00a0do\u00a0Brasileir\u00e3o\u00a02026. A bola rola para a partida \u00e0s\u00a016h (hor\u00e1rio de Bras\u00edlia) no\u00a0Maracan\u00e3, no Rio de Janeiro (RJ). Fluminense x Remo: Competi\u00e7\u00e3o: Campeonato Brasileiro (Brasileir\u00e3o) Rodada: 24\u00aa Data: 22\/08 (s\u00e1bado) Hor\u00e1rio: 16h (hor\u00e1rio de Bras\u00edlia) \u200bLocal: Maracan\u00e3, no Rio de Janeiro (RJ). Confira aqui a tabela com todos<\/p>\n","protected":false},"author":6,"featured_media":0,"comment_status":"closed","ping_status":"closed","sticky":false,"template":"","format":"standard","meta":{"fifu_image_url":"","fifu_image_alt":"","footnotes":""},"categories":[33],"tags":[],"class_list":["post-14445","post","type-post","status-publish","format-standard","hentry","category-noticias"],"_links":{"self":[{"href":"https:\/\/ilheusnews.com.br\/index.php?rest_route=\/wp\/v2\/posts\/14445","targetHints":{"allow":["GET"]}}],"collection":[{"href":"https:\/\/ilheusnews.com.br\/index.php?rest_route=\/wp\/v2\/posts"}],"about":[{"href":"https:\/\/ilheusnews.com.br\/index.php?rest_route=\/wp\/v2\/types\/post"}],"author":[{"embeddable":true,"href":"https:\/\/ilheusnews.com.br\/index.php?rest_route=\/wp\/v2\/users\/6"}],"replies":[{"embeddable":true,"href":"https:\/\/ilheusnews.com.br\/index.php?rest_route=%2Fwp%2Fv2%2Fcomments&post=14445"}],"version-history":[{"count":0,"href":"https:\/\/ilheusnews.com.br\/index.php?rest_route=\/wp\/v2\/posts\/14445\/revisions"}],"wp:attachment":[{"href":"https:\/\/ilheusnews.com.br\/index.php?rest_route=%2Fwp%2Fv2%2Fmedia&parent=14445"}],"wp:term":[{"taxonomy":"category","embeddable":true,"href":"https:\/\/ilheusnews.com.br\/index.php?rest_route=%2Fwp%2Fv2%2Fcategories&post=14445"},{"taxonomy":"post_tag","embeddable":true,"href":"https:\/\/ilheusnews.com.br\/index.php?rest_route=%2Fwp%2Fv2%2Ftags&post=14445"}],"curies":[{"name":"wp","href":"https:\/\/api.w.org\/{rel}","templated":true}]}}