{"id":14442,"date":"2026-08-22T06:02:40","date_gmt":"2026-08-22T09:02:40","guid":{"rendered":"https:\/\/ilheusnews.com.br\/?p=14442"},"modified":"2026-08-22T06:02:40","modified_gmt":"2026-08-22T09:02:40","slug":"dia-d-da-campanha-nacional-de-multivacinacao-ocorre-neste-sabado-22","status":"publish","type":"post","link":"https:\/\/ilheusnews.com.br\/?p=14442","title":{"rendered":"Dia D da Campanha Nacional de Multivacina\u00e7\u00e3o ocorre neste s\u00e1bado (22)"},"content":{"rendered":"<div>\n<p>O Dia D da Campanha Nacional de Multivacina\u00e7\u00e3o ocorre neste s\u00e1bado (22). O objetivo principal da a\u00e7\u00e3o \u00e9 atualizar a caderneta de <a href=\"https:\/\/olhardigital.com.br\/tag\/vacinacao\/\" target=\"_blank\" rel=\"noreferrer noopener\">vacina\u00e7\u00e3o<\/a> de crian\u00e7as e adolescentes menores de 15 anos de idade. As Unidades B\u00e1sicas de Sa\u00fade (UBSs) v\u00e3o funcionar ao longo do dia para avaliar os documentos e aplicar as doses pendentes.<\/p>\n<p>A mobiliza\u00e7\u00e3o faz parte da campanha iniciada em 3 de agosto e que continua at\u00e9 1\u00ba de setembro. Para receber as vacinas gratuitamente pelo Sistema \u00danico de Sa\u00fade (SUS), os pais ou respons\u00e1veis devem apresentar um documento com foto e a caderneta de vacina\u00e7\u00e3o.<\/p>\n<h2 class=\"wp-block-heading\" id=\"h-vacina-inedita-e-reforco-contra-o-sarampo-em-sao-paulo\">Vacina in\u00e9dita e refor\u00e7o contra o sarampo em S\u00e3o Paulo<\/h2>\n<p>Esta edi\u00e7\u00e3o da campanha conta com uma novidade no Calend\u00e1rio Nacional de Vacina\u00e7\u00e3o: a vacina pneumoc\u00f3cica 20-valente, chamada de Pneumo 20. Incorporado em junho, o imunizante amplia a prote\u00e7\u00e3o contra 20 tipos da bact\u00e9ria pneumococo, prevenindo quadros graves de pneumonia e meningite em crian\u00e7as menores de cinco anos de idade.<\/p>\n<div class=\"wp-block-image\">\n<figure class=\"aligncenter size-large\"><figcaption class=\"wp-element-caption\">O objetivo principal do Dia D \u00e9 atualizar a caderneta de vacina\u00e7\u00e3o de crian\u00e7as e adolescentes \u2013 Imagem: Prostock-studio\/Shutterstock<\/figcaption><\/figure>\n<\/div>\n<p>O Dia D oferta ao todo 20 imunizantes que protegem contra diversas doen\u00e7as, como poliomielite, febre amarela, covid-19 e dengue. Al\u00e9m das doses do calend\u00e1rio infantil, cidades como S\u00e3o Paulo (SP), Guarulhos (SP) e S\u00e3o Bernardo do Campo (SP) mant\u00eam a vacina\u00e7\u00e3o refor\u00e7ada contra o sarampo para a popula\u00e7\u00e3o de seis meses a 59 anos de idade.<\/p>\n<p>A estrat\u00e9gia contra o sarampo na Grande S\u00e3o Paulo foi adotada ap\u00f3s a confirma\u00e7\u00e3o de 23 casos da doen\u00e7a no estado, com a maioria dos registros concentrada na capital paulista. A vacina tr\u00edplice viral previne a infec\u00e7\u00e3o, que \u00e9 altamente contagiosa e transmitida pelo ar por meio de fala, tosse ou espirro.<\/p>\n<p>Para suprir a demanda da popula\u00e7\u00e3o ao longo do ano, o Minist\u00e9rio da Sa\u00fade distribuiu mais de 180 milh\u00f5es de doses. As autoridades sanit\u00e1rias ressaltam que manter a vacina\u00e7\u00e3o em dia \u00e9 fundamental para garantir a prote\u00e7\u00e3o coletiva e impedir o retorno de doen\u00e7as infectocontagiosas no pa\u00eds.<\/p>\n<p>(Esta mat\u00e9ria usou informa\u00e7\u00f5es do <a href=\"https:\/\/www.gov.br\/saude\/pt-br\/assuntos\/noticias-ms\/2026\/agosto\/dia-d-de-vacinacao-contra-20-doencas-acontece-neste-sabado-22-em-todo-o-pais\" target=\"_blank\" rel=\"noreferrer noopener\">Minist\u00e9rio da Sa\u00fade<\/a>.)<\/p>\n<p>O post <a href=\"https:\/\/olhardigital.com.br\/2026\/08\/22\/medicina-e-saude\/dia-d-da-campanha-nacional-de-multivacinacao-ocorre-neste-sabado-22\/\">Dia D da Campanha Nacional de Multivacina\u00e7\u00e3o ocorre neste s\u00e1bado (22)<\/a> apareceu primeiro em <a href=\"https:\/\/olhardigital.com.br\/\">Olhar Digital<\/a>.<\/p>\n<\/div>\n","protected":false},"excerpt":{"rendered":"<p>O Dia D da Campanha Nacional de Multivacina\u00e7\u00e3o ocorre neste s\u00e1bado (22). O objetivo principal da a\u00e7\u00e3o \u00e9 atualizar a caderneta de vacina\u00e7\u00e3o de crian\u00e7as e adolescentes menores de 15 anos de idade. As Unidades B\u00e1sicas de Sa\u00fade (UBSs) v\u00e3o funcionar ao longo do dia para avaliar os documentos e aplicar as doses pendentes. A<\/p>\n","protected":false},"author":6,"featured_media":14443,"comment_status":"closed","ping_status":"closed","sticky":false,"template":"","format":"standard","meta":{"fifu_image_url":"https:\/\/olhardigital.com.br\/wp-content\/uploads\/2025\/10\/garota-vacina-e1787308754194-1024x577.jpg","fifu_image_alt":"Dia D da Campanha Nacional de Multivacina\u00e7\u00e3o ocorre neste s\u00e1bado (22)","footnotes":""},"categories":[33],"tags":[],"class_list":["post-14442","post","type-post","status-publish","format-standard","has-post-thumbnail","hentry","category-noticias"],"_links":{"self":[{"href":"https:\/\/ilheusnews.com.br\/index.php?rest_route=\/wp\/v2\/posts\/14442","targetHints":{"allow":["GET"]}}],"collection":[{"href":"https:\/\/ilheusnews.com.br\/index.php?rest_route=\/wp\/v2\/posts"}],"about":[{"href":"https:\/\/ilheusnews.com.br\/index.php?rest_route=\/wp\/v2\/types\/post"}],"author":[{"embeddable":true,"href":"https:\/\/ilheusnews.com.br\/index.php?rest_route=\/wp\/v2\/users\/6"}],"replies":[{"embeddable":true,"href":"https:\/\/ilheusnews.com.br\/index.php?rest_route=%2Fwp%2Fv2%2Fcomments&post=14442"}],"version-history":[{"count":0,"href":"https:\/\/ilheusnews.com.br\/index.php?rest_route=\/wp\/v2\/posts\/14442\/revisions"}],"wp:featuredmedia":[{"embeddable":true,"href":"https:\/\/ilheusnews.com.br\/index.php?rest_route=\/wp\/v2\/media\/14443"}],"wp:attachment":[{"href":"https:\/\/ilheusnews.com.br\/index.php?rest_route=%2Fwp%2Fv2%2Fmedia&parent=14442"}],"wp:term":[{"taxonomy":"category","embeddable":true,"href":"https:\/\/ilheusnews.com.br\/index.php?rest_route=%2Fwp%2Fv2%2Fcategories&post=14442"},{"taxonomy":"post_tag","embeddable":true,"href":"https:\/\/ilheusnews.com.br\/index.php?rest_route=%2Fwp%2Fv2%2Ftags&post=14442"}],"curies":[{"name":"wp","href":"https:\/\/api.w.org\/{rel}","templated":true}]}}