{"id":14397,"date":"2026-08-21T12:01:38","date_gmt":"2026-08-21T15:01:38","guid":{"rendered":"https:\/\/ilheusnews.com.br\/?p=14397"},"modified":"2026-08-21T12:01:38","modified_gmt":"2026-08-21T15:01:38","slug":"luis-eduardo-magalhaes-ecobike-chega-a-cidade-com-passeio-para-toda-a-familia","status":"publish","type":"post","link":"https:\/\/ilheusnews.com.br\/?p=14397","title":{"rendered":"Lu\u00eds Eduardo Magalh\u00e3es: ECOBIKE chega a cidade com passeio para toda a fam\u00edlia"},"content":{"rendered":"<div>O\u00a0ECOBIKE\u00a0chega a Lu\u00eds Eduardo Magalh\u00e3es, no Oeste da Bahia, no dia 30 de agosto, com uma programa\u00e7\u00e3o gratuita que re\u00fane ciclismo, lazer, atividades para crian\u00e7as, educa\u00e7\u00e3o no tr\u00e2nsito e conscientiza\u00e7\u00e3o ambiental. O passeio ter\u00e1 in\u00edcio a partir das 7h30 e ser\u00e1 aberto a participantes de diferentes idades.\u00a0(Foto ilustra\u00e7\u00e3o) Realizado pela Associa\u00e7\u00e3o Pedala Brasil de Ciclismo, por meio da Lei de Incentivo ao Esporte, o evento conta com patroc\u00ednio da Galvani e realiza\u00e7\u00e3o do Minist\u00e9rio do Esporte e do Governo Federal. As inscri\u00e7\u00f5es s\u00e3o gratuitas e, segundo a organiza\u00e7\u00e3o, ainda h\u00e1 vagas dispon\u00edveis. Com percursos acess\u00edveis, a iniciativa busca estimular a pr\u00e1tica de atividades f\u00edsicas e o uso da bicicleta como alternativa de mobilidade, al\u00e9m de chamar a aten\u00e7\u00e3o para h\u00e1bitos saud\u00e1veis, seguran\u00e7a no tr\u00e2nsito e preserva\u00e7\u00e3o ambiental. (falabarreiras)<\/div>\n","protected":false},"excerpt":{"rendered":"<p>O\u00a0ECOBIKE\u00a0chega a Lu\u00eds Eduardo Magalh\u00e3es, no Oeste da Bahia, no dia 30 de agosto, com uma programa\u00e7\u00e3o gratuita que re\u00fane ciclismo, lazer, atividades para crian\u00e7as, educa\u00e7\u00e3o no tr\u00e2nsito e conscientiza\u00e7\u00e3o ambiental. O passeio ter\u00e1 in\u00edcio a partir das 7h30 e ser\u00e1 aberto a participantes de diferentes idades.\u00a0(Foto ilustra\u00e7\u00e3o) Realizado pela Associa\u00e7\u00e3o Pedala Brasil de Ciclismo,<\/p>\n","protected":false},"author":8,"featured_media":0,"comment_status":"closed","ping_status":"closed","sticky":false,"template":"","format":"standard","meta":{"fifu_image_url":"","fifu_image_alt":"","footnotes":""},"categories":[33],"tags":[],"class_list":["post-14397","post","type-post","status-publish","format-standard","hentry","category-noticias"],"_links":{"self":[{"href":"https:\/\/ilheusnews.com.br\/index.php?rest_route=\/wp\/v2\/posts\/14397","targetHints":{"allow":["GET"]}}],"collection":[{"href":"https:\/\/ilheusnews.com.br\/index.php?rest_route=\/wp\/v2\/posts"}],"about":[{"href":"https:\/\/ilheusnews.com.br\/index.php?rest_route=\/wp\/v2\/types\/post"}],"author":[{"embeddable":true,"href":"https:\/\/ilheusnews.com.br\/index.php?rest_route=\/wp\/v2\/users\/8"}],"replies":[{"embeddable":true,"href":"https:\/\/ilheusnews.com.br\/index.php?rest_route=%2Fwp%2Fv2%2Fcomments&post=14397"}],"version-history":[{"count":0,"href":"https:\/\/ilheusnews.com.br\/index.php?rest_route=\/wp\/v2\/posts\/14397\/revisions"}],"wp:attachment":[{"href":"https:\/\/ilheusnews.com.br\/index.php?rest_route=%2Fwp%2Fv2%2Fmedia&parent=14397"}],"wp:term":[{"taxonomy":"category","embeddable":true,"href":"https:\/\/ilheusnews.com.br\/index.php?rest_route=%2Fwp%2Fv2%2Fcategories&post=14397"},{"taxonomy":"post_tag","embeddable":true,"href":"https:\/\/ilheusnews.com.br\/index.php?rest_route=%2Fwp%2Fv2%2Ftags&post=14397"}],"curies":[{"name":"wp","href":"https:\/\/api.w.org\/{rel}","templated":true}]}}