{"id":14382,"date":"2026-08-21T06:03:05","date_gmt":"2026-08-21T09:03:05","guid":{"rendered":"https:\/\/ilheusnews.com.br\/?p=14382"},"modified":"2026-08-21T06:03:05","modified_gmt":"2026-08-21T09:03:05","slug":"coalizao-em-defesa-do-jornalismo-vai-monitorar-ataques-contra-profissionais-da-comunicacao-nas-eleicoes-de-2026","status":"publish","type":"post","link":"https:\/\/ilheusnews.com.br\/?p=14382","title":{"rendered":"Coaliz\u00e3o em Defesa do Jornalismo vai monitorar ataques contra profissionais da comunica\u00e7\u00e3o nas elei\u00e7\u00f5es de 2026"},"content":{"rendered":"<div>A\u00a0Coaliz\u00e3o em Defesa do Jornalismo (CDJor), articula\u00e7\u00e3o que monitora ataques aCoali comunicadores e jornalistas e atua em a\u00e7\u00f5es de prote\u00e7\u00e3o e incid\u00eancia, realizar\u00e1 nova edi\u00e7\u00e3o do monitoramento conjunto da viol\u00eancia contra profissionais da comunica\u00e7\u00e3o durante as elei\u00e7\u00f5es. O levantamento abranger\u00e1 o per\u00edodo de 16 de agosto, in\u00edcio oficial da campanha eleitoral, a 27 de outubro, data do segundo turno, e incluir\u00e1 ataques offline, reportados \u00e0s organiza\u00e7\u00f5es da CDJor, e online, registrados nas plataformas X e Instagram, consideradas de maior uso pelas candidaturas e atores pol\u00edticos. Em fun\u00e7\u00e3o do n\u00edvel de toxicidade das postagens monitoradas nas elei\u00e7\u00f5es de 2024, o Tik Tok tamb\u00e9m ser\u00e1 acompanhado. (Foto ilustra\u00e7\u00e3o) No \u00e2mbito digital, assim como em sua \u00faltima edi\u00e7\u00e3o, o monitoramento de 2026 contar\u00e1 com a parceria t\u00e9cnica do\u00a0Laborat\u00f3rio de Estudos sobre Imagem e Cibercultura (Labic) da Universidade Federal do Esp\u00edrito Santo. Ser\u00e3o analisadas postagens direcionadas a jornalistas e ve\u00edculos com atua\u00e7\u00e3o nacional e estadual, feitas por candidatos \u00e0 presid\u00eancia da Rep\u00fablica, governos estaduais e Senado. Postagens e coment\u00e1rios de usu\u00e1rios em geral tamb\u00e9m ser\u00e3o monitorados, via registro de hashtags e express\u00f5es hostis ao trabalho jornal\u00edstico.\u00a0 A novidade deste ano ser\u00e1 uma an\u00e1lise qualitativa de discursos mis\u00f3ginos proferidos no per\u00edodo contra mulheres jornalistas. A CDJor publicar\u00e1 boletins quinzenais com os principais dados levantados e dois relat\u00f3rios anal\u00edticos \u2013 ao final do primeiro e do segundo turnos \u2013 com avalia\u00e7\u00f5es aprofundadas dos ataques registrados.\u00a0 Integram a CDJor as organiza\u00e7\u00f5es ARTIGO 19 Brasil e Am\u00e9rica do Sul, Associa\u00e7\u00e3o Brasileira de Jornalismo Investigativo (Abraji), Associa\u00e7\u00e3o de Jornalismo Digital (Ajor), Associa\u00e7\u00e3o de Jornalistas de Educa\u00e7\u00e3o (Jeduca), Comit\u00ea para a Prote\u00e7\u00e3o de Jornalistas (CPJ), Federa\u00e7\u00e3o Nacional dos Jornalistas (FENAJ), Instituto Vladimir Herzog (IVH), Instituto Palavra Aberta, Instituto Tornavoz e Rep\u00f3rteres Sem Fronteiras (RSF). (Fonte: Fenaj)<\/div>\n","protected":false},"excerpt":{"rendered":"<p>A\u00a0Coaliz\u00e3o em Defesa do Jornalismo (CDJor), articula\u00e7\u00e3o que monitora ataques aCoali comunicadores e jornalistas e atua em a\u00e7\u00f5es de prote\u00e7\u00e3o e incid\u00eancia, realizar\u00e1 nova edi\u00e7\u00e3o do monitoramento conjunto da viol\u00eancia contra profissionais da comunica\u00e7\u00e3o durante as elei\u00e7\u00f5es. O levantamento abranger\u00e1 o per\u00edodo de 16 de agosto, in\u00edcio oficial da campanha eleitoral, a 27 de outubro,<\/p>\n","protected":false},"author":8,"featured_media":0,"comment_status":"closed","ping_status":"closed","sticky":false,"template":"","format":"standard","meta":{"fifu_image_url":"","fifu_image_alt":"","footnotes":""},"categories":[33],"tags":[],"class_list":["post-14382","post","type-post","status-publish","format-standard","hentry","category-noticias"],"_links":{"self":[{"href":"https:\/\/ilheusnews.com.br\/index.php?rest_route=\/wp\/v2\/posts\/14382","targetHints":{"allow":["GET"]}}],"collection":[{"href":"https:\/\/ilheusnews.com.br\/index.php?rest_route=\/wp\/v2\/posts"}],"about":[{"href":"https:\/\/ilheusnews.com.br\/index.php?rest_route=\/wp\/v2\/types\/post"}],"author":[{"embeddable":true,"href":"https:\/\/ilheusnews.com.br\/index.php?rest_route=\/wp\/v2\/users\/8"}],"replies":[{"embeddable":true,"href":"https:\/\/ilheusnews.com.br\/index.php?rest_route=%2Fwp%2Fv2%2Fcomments&post=14382"}],"version-history":[{"count":0,"href":"https:\/\/ilheusnews.com.br\/index.php?rest_route=\/wp\/v2\/posts\/14382\/revisions"}],"wp:attachment":[{"href":"https:\/\/ilheusnews.com.br\/index.php?rest_route=%2Fwp%2Fv2%2Fmedia&parent=14382"}],"wp:term":[{"taxonomy":"category","embeddable":true,"href":"https:\/\/ilheusnews.com.br\/index.php?rest_route=%2Fwp%2Fv2%2Fcategories&post=14382"},{"taxonomy":"post_tag","embeddable":true,"href":"https:\/\/ilheusnews.com.br\/index.php?rest_route=%2Fwp%2Fv2%2Ftags&post=14382"}],"curies":[{"name":"wp","href":"https:\/\/api.w.org\/{rel}","templated":true}]}}