{"id":14381,"date":"2026-08-21T06:02:48","date_gmt":"2026-08-21T09:02:48","guid":{"rendered":"https:\/\/ilheusnews.com.br\/?p=14381"},"modified":"2026-08-21T06:02:48","modified_gmt":"2026-08-21T09:02:48","slug":"madre-de-deus-participa-da-inauguracao-do-comite-de-lidice-da-mata","status":"publish","type":"post","link":"https:\/\/ilheusnews.com.br\/?p=14381","title":{"rendered":"Madre de Deus participa da inaugura\u00e7\u00e3o do comit\u00ea de L\u00eddice da Mata."},"content":{"rendered":"<div>Comitiva do munic\u00edpio, liderada pelo prefeito Dailton Filho, esteve presente no ato pol\u00edtico e refor\u00e7ou alian\u00e7as em torno de um projeto de desenvolvimento para a Bahia.\u00a0 (Foto ilustra\u00e7\u00e3o) Madre de Deus esteve presente na inaugura\u00e7\u00e3o do comit\u00ea da deputada federal L\u00eddice da Mata, em um momento marcado pelo encontro de lideran\u00e7as, di\u00e1logo e reafirma\u00e7\u00e3o de alian\u00e7as pol\u00edticas que t\u00eam como foco o desenvolvimento da Bahia e o fortalecimento dos munic\u00edpios. A comitiva de Madre de Deus participou do ato ao lado de apoiadores e lideran\u00e7as pol\u00edticas, levando a representa\u00e7\u00e3o do munic\u00edpio para um espa\u00e7o de articula\u00e7\u00e3o e constru\u00e7\u00e3o pol\u00edtica. A presen\u00e7a refor\u00e7a a disposi\u00e7\u00e3o de manter a cidade integrada \u00e0s discuss\u00f5es que envolvem o futuro do estado e do pa\u00eds. A participa\u00e7\u00e3o tamb\u00e9m evidencia a import\u00e2ncia das parcerias pol\u00edticas para a busca de investimentos, projetos e a\u00e7\u00f5es que possam contribuir diretamente para a melhoria da qualidade de vida da popula\u00e7\u00e3o. O grupo reafirma apoio a um projeto pol\u00edtico que re\u00fane Angelo Almeida (Estadual \u2013 13100), L\u00eddice da Mata (Federal \u2013 4040), Rui Costa (Senador \u2013 133), Jaques Wagner (Senador \u2013 130), Jer\u00f4nimo Rodrigues (Governador \u2013 13) e Lula (Presidente \u2013 13). A mobiliza\u00e7\u00e3o representa, ainda, a continuidade de uma articula\u00e7\u00e3o pol\u00edtica pautada na uni\u00e3o entre lideran\u00e7as municipais, estaduais e federais, buscando garantir que as demandas de Madre de Deus estejam cada vez mais presentes nas agendas de decis\u00e3o e planejamento da Bahia. (Ascom\/PMMD)<\/div>\n","protected":false},"excerpt":{"rendered":"<p>Comitiva do munic\u00edpio, liderada pelo prefeito Dailton Filho, esteve presente no ato pol\u00edtico e refor\u00e7ou alian\u00e7as em torno de um projeto de desenvolvimento para a Bahia.\u00a0 (Foto ilustra\u00e7\u00e3o) Madre de Deus esteve presente na inaugura\u00e7\u00e3o do comit\u00ea da deputada federal L\u00eddice da Mata, em um momento marcado pelo encontro de lideran\u00e7as, di\u00e1logo e reafirma\u00e7\u00e3o de<\/p>\n","protected":false},"author":8,"featured_media":0,"comment_status":"closed","ping_status":"closed","sticky":false,"template":"","format":"standard","meta":{"fifu_image_url":"","fifu_image_alt":"","footnotes":""},"categories":[33],"tags":[],"class_list":["post-14381","post","type-post","status-publish","format-standard","hentry","category-noticias"],"_links":{"self":[{"href":"https:\/\/ilheusnews.com.br\/index.php?rest_route=\/wp\/v2\/posts\/14381","targetHints":{"allow":["GET"]}}],"collection":[{"href":"https:\/\/ilheusnews.com.br\/index.php?rest_route=\/wp\/v2\/posts"}],"about":[{"href":"https:\/\/ilheusnews.com.br\/index.php?rest_route=\/wp\/v2\/types\/post"}],"author":[{"embeddable":true,"href":"https:\/\/ilheusnews.com.br\/index.php?rest_route=\/wp\/v2\/users\/8"}],"replies":[{"embeddable":true,"href":"https:\/\/ilheusnews.com.br\/index.php?rest_route=%2Fwp%2Fv2%2Fcomments&post=14381"}],"version-history":[{"count":0,"href":"https:\/\/ilheusnews.com.br\/index.php?rest_route=\/wp\/v2\/posts\/14381\/revisions"}],"wp:attachment":[{"href":"https:\/\/ilheusnews.com.br\/index.php?rest_route=%2Fwp%2Fv2%2Fmedia&parent=14381"}],"wp:term":[{"taxonomy":"category","embeddable":true,"href":"https:\/\/ilheusnews.com.br\/index.php?rest_route=%2Fwp%2Fv2%2Fcategories&post=14381"},{"taxonomy":"post_tag","embeddable":true,"href":"https:\/\/ilheusnews.com.br\/index.php?rest_route=%2Fwp%2Fv2%2Ftags&post=14381"}],"curies":[{"name":"wp","href":"https:\/\/api.w.org\/{rel}","templated":true}]}}