{"id":14318,"date":"2026-08-20T06:01:51","date_gmt":"2026-08-20T09:01:51","guid":{"rendered":"https:\/\/ilheusnews.com.br\/?p=14318"},"modified":"2026-08-20T06:01:51","modified_gmt":"2026-08-20T09:01:51","slug":"itabela-15a-festa-do-cafe-conilon-comeca-nesta-sexta-feira-com-feira-de-agronegocios-e-eventos-culturais","status":"publish","type":"post","link":"https:\/\/ilheusnews.com.br\/?p=14318","title":{"rendered":"Itabela: 15\u00aa Festa do Caf\u00e9 Conilon come\u00e7a nesta sexta-feira com feira de agroneg\u00f3cios e eventos culturais"},"content":{"rendered":"<div>A 15\u00aa Festa do Caf\u00e9 Conilon, considerada um dos maiores eventos do agroneg\u00f3cio do Extremo Sul da Bahia, come\u00e7a nesta sexta-feira, 21 e vai at\u00e9 o dia\u00a023.\u00a0 O grande evento\u00a0promete reunir produtores rurais, empres\u00e1rios, especialistas, investidores e expositores de diversas regi\u00f5es do pa\u00eds. (Foto ilustra\u00e7\u00e3o) Consolidada como uma importante vitrine para o setor cafeeiro e para o agroneg\u00f3cio regional, a Festa do Caf\u00e9 Conilon ser\u00e1 palco de grandes oportunidades de neg\u00f3cios, apresenta\u00e7\u00e3o de novas tecnologias, troca de conhecimento e fortalecimento de parcerias comerciais. A programa\u00e7\u00e3o contar\u00e1 com uma ampla Feira do Agroneg\u00f3cio, palestras t\u00e9cnicas ministradas por especialistas, exposi\u00e7\u00e3o de m\u00e1quinas e equipamentos, participa\u00e7\u00e3o de grandes marcas do setor, al\u00e9m de espa\u00e7os dedicados \u00e0 inova\u00e7\u00e3o, sustentabilidade e desenvolvimento da cadeia produtiva do caf\u00e9. Al\u00e9m do foco nos neg\u00f3cios, o evento tamb\u00e9m oferecer\u00e1 atra\u00e7\u00f5es culturais e momentos de entretenimento, proporcionando integra\u00e7\u00e3o entre produtores, empres\u00e1rios, visitantes e toda a comunidade. A organiza\u00e7\u00e3o refor\u00e7a o convite para que empresas e parceiros do agroneg\u00f3cio e a popula\u00e7\u00e3o regional, e agricultores participem da Feira, destacando que o evento representa uma excelente oportunidade para ampliar a visibilidade das marcas, gerar novos neg\u00f3cios e fortalecer o desenvolvimento econ\u00f4mico da regi\u00e3o. Com uma estrutura cada vez maior e uma programa\u00e7\u00e3o diversificada, a 15\u00aa Festa do Caf\u00e9 Conilon promete marcar mais uma edi\u00e7\u00e3o hist\u00f3rica, consolidando Itabela como refer\u00eancia no agroneg\u00f3cio baiano. (agazetabahia)<\/div>\n","protected":false},"excerpt":{"rendered":"<p>A 15\u00aa Festa do Caf\u00e9 Conilon, considerada um dos maiores eventos do agroneg\u00f3cio do Extremo Sul da Bahia, come\u00e7a nesta sexta-feira, 21 e vai at\u00e9 o dia\u00a023.\u00a0 O grande evento\u00a0promete reunir produtores rurais, empres\u00e1rios, especialistas, investidores e expositores de diversas regi\u00f5es do pa\u00eds. (Foto ilustra\u00e7\u00e3o) Consolidada como uma importante vitrine para o setor cafeeiro e<\/p>\n","protected":false},"author":8,"featured_media":0,"comment_status":"closed","ping_status":"closed","sticky":false,"template":"","format":"standard","meta":{"fifu_image_url":"","fifu_image_alt":"","footnotes":""},"categories":[33],"tags":[],"class_list":["post-14318","post","type-post","status-publish","format-standard","hentry","category-noticias"],"_links":{"self":[{"href":"https:\/\/ilheusnews.com.br\/index.php?rest_route=\/wp\/v2\/posts\/14318","targetHints":{"allow":["GET"]}}],"collection":[{"href":"https:\/\/ilheusnews.com.br\/index.php?rest_route=\/wp\/v2\/posts"}],"about":[{"href":"https:\/\/ilheusnews.com.br\/index.php?rest_route=\/wp\/v2\/types\/post"}],"author":[{"embeddable":true,"href":"https:\/\/ilheusnews.com.br\/index.php?rest_route=\/wp\/v2\/users\/8"}],"replies":[{"embeddable":true,"href":"https:\/\/ilheusnews.com.br\/index.php?rest_route=%2Fwp%2Fv2%2Fcomments&post=14318"}],"version-history":[{"count":0,"href":"https:\/\/ilheusnews.com.br\/index.php?rest_route=\/wp\/v2\/posts\/14318\/revisions"}],"wp:attachment":[{"href":"https:\/\/ilheusnews.com.br\/index.php?rest_route=%2Fwp%2Fv2%2Fmedia&parent=14318"}],"wp:term":[{"taxonomy":"category","embeddable":true,"href":"https:\/\/ilheusnews.com.br\/index.php?rest_route=%2Fwp%2Fv2%2Fcategories&post=14318"},{"taxonomy":"post_tag","embeddable":true,"href":"https:\/\/ilheusnews.com.br\/index.php?rest_route=%2Fwp%2Fv2%2Ftags&post=14318"}],"curies":[{"name":"wp","href":"https:\/\/api.w.org\/{rel}","templated":true}]}}