{"id":14317,"date":"2026-08-20T06:01:46","date_gmt":"2026-08-20T09:01:46","guid":{"rendered":"https:\/\/ilheusnews.com.br\/?p=14317"},"modified":"2026-08-20T06:01:46","modified_gmt":"2026-08-20T09:01:46","slug":"lauro-de-freitas-cidade-sedia-seminario-internacional-conexoes-brasil-africa","status":"publish","type":"post","link":"https:\/\/ilheusnews.com.br\/?p=14317","title":{"rendered":"Lauro de Freitas: \u00a0Cidade sedia Semin\u00e1rio Internacional Conex\u00f5es Brasil-\u00c1frica"},"content":{"rendered":"<div>Lauro de Freitas sediar\u00e1, nesta sexta-feira (21\/8), a partir das 8h30, o Semin\u00e1rio Internacional Conex\u00f5es Brasil\u2013\u00c1frica, no Instituto Federal da Bahia (IFBA), Campus Lauro de Freitas. O encontro reunir\u00e1 pesquisadores, professores, gestores, estudantes e representantes de pa\u00edses africanos para um interc\u00e2mbio de conhecimentos sobre educa\u00e7\u00e3o, cultura, mem\u00f3ria, ancestralidade e rela\u00e7\u00f5es \u00e9tnico-raciais. Os interessados em participar devem realizar a inscri\u00e7\u00e3o at\u00e9 esta quinta-feira (20\/8), clicando neste\u00a0link. (Foto ilustra\u00e7\u00e3o) O semin\u00e1rio, que \u00e9 uma iniciativa realizada pela Prefeitura de Lauro de Freitas, por meio das secretarias municipais de Educa\u00e7\u00e3o (SEMED) e da Mulher, Pol\u00edticas Afirmativas, Direitos Humanos e Promo\u00e7\u00e3o da Igualdade Racial (SEMPADHIR). tem como objetivo aproximar Brasil e \u00c1frica por meio da troca de experi\u00eancias e saberes, contribuindo para o desenvolvimento de pr\u00e1ticas pedag\u00f3gicas comprometidas com a equidade, a educa\u00e7\u00e3o antirracista e a valoriza\u00e7\u00e3o das hist\u00f3rias e culturas africanas, afro-brasileiras, quilombolas e ind\u00edgenas.\u00a0 A programa\u00e7\u00e3o contar\u00e1 com confer\u00eancias, mesas de discuss\u00e3o e sess\u00f5es tem\u00e1ticas conduzidas por especialistas brasileiros e africanos. Entre os nomes de destaque j\u00e1 confirmados est\u00e3o Misbah Akanni, representante da Embaixada da Nig\u00e9ria na Bahia; Luandino Carvalho, adido cultural da Embaixada de Angola no Brasil; e o professor Dr. Guilherme Nogueira, do Instituto Calundu e da Universidade de Harvard.\u00a0 Entre os destaques est\u00e1 a mesa internacional Brasil e \u00c1frica: mem\u00f3ria, cultura e educa\u00e7\u00e3o, que abordar\u00e1 quest\u00f5es relacionadas \u00e0 preserva\u00e7\u00e3o da mem\u00f3ria coletiva, ao panafricanismo e \u00e0s conex\u00f5es acad\u00eamicas e educacionais estabelecidas entre os dois continentes. Est\u00e1 na programa\u00e7\u00e3o a apresenta\u00e7\u00e3o de projetos que unem tecnologias imersivas e ancestralidade, como o Museu Virtual Origens, primeiro museu virtual afro-ind\u00edgena a utilizar recursos do metaverso. O encontro tamb\u00e9m ter\u00e1 sess\u00f5es dedicadas \u00e0 educa\u00e7\u00e3o para a equidade, \u00e0s di\u00e1sporas e conex\u00f5es Brasil\u2013\u00c1frica, \u00e0 sa\u00fade e aos direitos da popula\u00e7\u00e3o negra, al\u00e9m de discuss\u00f5es sobre a rela\u00e7\u00e3o entre tecnologia, ancestralidade e pr\u00e1ticas educacionais.\u00a0 A agenda inclui ainda manifesta\u00e7\u00f5es culturais e lan\u00e7amento de livros, ampliando o di\u00e1logo entre produ\u00e7\u00e3o acad\u00eamica, conhecimento, identidade e ancestralidade. Com a realiza\u00e7\u00e3o do Conex\u00f5es Brasil\u2013\u00c1frica, Lauro de Freitas amplia as a\u00e7\u00f5es formativas e o debate sobre as rela\u00e7\u00f5es \u00e9tnico-raciais no ambiente educacional, promovendo um espa\u00e7o de interc\u00e2mbio entre diferentes territ\u00f3rios, experi\u00eancias e saberes. A iniciativa refor\u00e7a a Pol\u00edtica Nacional de Equidade, Educa\u00e7\u00e3o para as Rela\u00e7\u00f5es \u00c9tnico-Raciais e Educa\u00e7\u00e3o Escolar Quilombola (PNEERQ), contribuindo para o fortalecimento de pr\u00e1ticas educacionais comprometidas com a equidade e a valoriza\u00e7\u00e3o da diversidade.\u00a0 O evento conta com o apoio institucional da Universidade da Integra\u00e7\u00e3o Internacional da Lusofonia Afro-Brasileira (UNILAB), da Universidade Federal da Bahia (UFBA) e da Universidade do Estado da Bahia (UNEB), Institui\u00e7\u00e3o Cient\u00edfica, Tecnol\u00f3gica e de Inova\u00e7\u00e3o (ICT). (Ascom\/PMLF)<\/div>\n","protected":false},"excerpt":{"rendered":"<p>Lauro de Freitas sediar\u00e1, nesta sexta-feira (21\/8), a partir das 8h30, o Semin\u00e1rio Internacional Conex\u00f5es Brasil\u2013\u00c1frica, no Instituto Federal da Bahia (IFBA), Campus Lauro de Freitas. O encontro reunir\u00e1 pesquisadores, professores, gestores, estudantes e representantes de pa\u00edses africanos para um interc\u00e2mbio de conhecimentos sobre educa\u00e7\u00e3o, cultura, mem\u00f3ria, ancestralidade e rela\u00e7\u00f5es \u00e9tnico-raciais. Os interessados em participar<\/p>\n","protected":false},"author":8,"featured_media":0,"comment_status":"closed","ping_status":"closed","sticky":false,"template":"","format":"standard","meta":{"fifu_image_url":"","fifu_image_alt":"","footnotes":""},"categories":[33],"tags":[],"class_list":["post-14317","post","type-post","status-publish","format-standard","hentry","category-noticias"],"_links":{"self":[{"href":"https:\/\/ilheusnews.com.br\/index.php?rest_route=\/wp\/v2\/posts\/14317","targetHints":{"allow":["GET"]}}],"collection":[{"href":"https:\/\/ilheusnews.com.br\/index.php?rest_route=\/wp\/v2\/posts"}],"about":[{"href":"https:\/\/ilheusnews.com.br\/index.php?rest_route=\/wp\/v2\/types\/post"}],"author":[{"embeddable":true,"href":"https:\/\/ilheusnews.com.br\/index.php?rest_route=\/wp\/v2\/users\/8"}],"replies":[{"embeddable":true,"href":"https:\/\/ilheusnews.com.br\/index.php?rest_route=%2Fwp%2Fv2%2Fcomments&post=14317"}],"version-history":[{"count":0,"href":"https:\/\/ilheusnews.com.br\/index.php?rest_route=\/wp\/v2\/posts\/14317\/revisions"}],"wp:attachment":[{"href":"https:\/\/ilheusnews.com.br\/index.php?rest_route=%2Fwp%2Fv2%2Fmedia&parent=14317"}],"wp:term":[{"taxonomy":"category","embeddable":true,"href":"https:\/\/ilheusnews.com.br\/index.php?rest_route=%2Fwp%2Fv2%2Fcategories&post=14317"},{"taxonomy":"post_tag","embeddable":true,"href":"https:\/\/ilheusnews.com.br\/index.php?rest_route=%2Fwp%2Fv2%2Ftags&post=14317"}],"curies":[{"name":"wp","href":"https:\/\/api.w.org\/{rel}","templated":true}]}}