{"id":14316,"date":"2026-08-20T06:01:38","date_gmt":"2026-08-20T09:01:38","guid":{"rendered":"https:\/\/ilheusnews.com.br\/?p=14316"},"modified":"2026-08-20T06:01:38","modified_gmt":"2026-08-20T09:01:38","slug":"prorrogada-inscricao-para-selecao-simplificada-do-programa-alfabetiza-bahia","status":"publish","type":"post","link":"https:\/\/ilheusnews.com.br\/?p=14316","title":{"rendered":"Prorrogada inscri\u00e7\u00e3o para sele\u00e7\u00e3o simplificada do Programa Alfabetiza Bahia"},"content":{"rendered":"<div>O Programa Alfabetiza Bahia \u2013 Forma\u00e7\u00e3o Continuada dos Profissionais da Educa\u00e7\u00e3o SEC\/UEFS \u2013 com contrato firmado n\u00ba 066\/2025 celebrado entre o Estado da Bahia, atrav\u00e9s da Secretaria da Educa\u00e7\u00e3o, e a Universidade Estadual de Feira de Santana (UEFS), torna p\u00fablico para conhecimento dos interessados que est\u00e3o abertas as inscri\u00e7\u00f5es para Sele\u00e7\u00e3o P\u00fablica Simplificada. (Foto ilustra\u00e7\u00e3o) O objetivo \u00e9 preencher as fun\u00e7\u00f5es de Assistente de Apoio Pedag\u00f3gico, Assistente de Apoio Administrativo, Assistente de Apoio Financeiro e Assistente de Apoio de TICs, que ir\u00e3o compor a equipe da Gest\u00e3o de Coordena\u00e7\u00e3o Institucional do Programa Alfabetiza Bahia \u2013 Forma\u00e7\u00e3o Continuada dos Profissionais da Educa\u00e7\u00e3o SEC\/UEFS, dos 03 territ\u00f3rios de identidade dos respectivos NTEs. As inscri\u00e7\u00f5es, ser\u00e3o gratuitas e virtuais, realizadas o per\u00edodo de 0h01 do dia 08\/09\/2025 at\u00e9 \u00e0s 23h59 do dia 18\/09\/2025, exclusivamente, pelo link do Google Forms\u00a0https:\/\/docs.google.com\/forms\/d\/e\/1FAIpQLSepyhGqEjgwJ1hq1D_wkEL4Zwk8rXH2EBnlEF0lvaIgu_bksw\/viewform?usp=header\u00a0que se encontra dispon\u00edvel no s\u00edtio:\u00a0http:\/\/proex.uefs.br\/. Segue link do Edital: http:\/\/proex.uefs.br\/arquivos\/File\/2025\/Editais\/Edital_Selecao_Equipe_Brasil_Alfabetizado___UEFS___.pdf (Ascom\/Uefs)<\/div>\n","protected":false},"excerpt":{"rendered":"<p>O Programa Alfabetiza Bahia \u2013 Forma\u00e7\u00e3o Continuada dos Profissionais da Educa\u00e7\u00e3o SEC\/UEFS \u2013 com contrato firmado n\u00ba 066\/2025 celebrado entre o Estado da Bahia, atrav\u00e9s da Secretaria da Educa\u00e7\u00e3o, e a Universidade Estadual de Feira de Santana (UEFS), torna p\u00fablico para conhecimento dos interessados que est\u00e3o abertas as inscri\u00e7\u00f5es para Sele\u00e7\u00e3o P\u00fablica Simplificada. (Foto ilustra\u00e7\u00e3o)<\/p>\n","protected":false},"author":8,"featured_media":0,"comment_status":"closed","ping_status":"closed","sticky":false,"template":"","format":"standard","meta":{"fifu_image_url":"","fifu_image_alt":"","footnotes":""},"categories":[33],"tags":[],"class_list":["post-14316","post","type-post","status-publish","format-standard","hentry","category-noticias"],"_links":{"self":[{"href":"https:\/\/ilheusnews.com.br\/index.php?rest_route=\/wp\/v2\/posts\/14316","targetHints":{"allow":["GET"]}}],"collection":[{"href":"https:\/\/ilheusnews.com.br\/index.php?rest_route=\/wp\/v2\/posts"}],"about":[{"href":"https:\/\/ilheusnews.com.br\/index.php?rest_route=\/wp\/v2\/types\/post"}],"author":[{"embeddable":true,"href":"https:\/\/ilheusnews.com.br\/index.php?rest_route=\/wp\/v2\/users\/8"}],"replies":[{"embeddable":true,"href":"https:\/\/ilheusnews.com.br\/index.php?rest_route=%2Fwp%2Fv2%2Fcomments&post=14316"}],"version-history":[{"count":0,"href":"https:\/\/ilheusnews.com.br\/index.php?rest_route=\/wp\/v2\/posts\/14316\/revisions"}],"wp:attachment":[{"href":"https:\/\/ilheusnews.com.br\/index.php?rest_route=%2Fwp%2Fv2%2Fmedia&parent=14316"}],"wp:term":[{"taxonomy":"category","embeddable":true,"href":"https:\/\/ilheusnews.com.br\/index.php?rest_route=%2Fwp%2Fv2%2Fcategories&post=14316"},{"taxonomy":"post_tag","embeddable":true,"href":"https:\/\/ilheusnews.com.br\/index.php?rest_route=%2Fwp%2Fv2%2Ftags&post=14316"}],"curies":[{"name":"wp","href":"https:\/\/api.w.org\/{rel}","templated":true}]}}