{"id":14251,"date":"2026-08-19T12:01:25","date_gmt":"2026-08-19T15:01:25","guid":{"rendered":"https:\/\/ilheusnews.com.br\/?p=14251"},"modified":"2026-08-19T12:01:25","modified_gmt":"2026-08-19T15:01:25","slug":"selo-upb-e-entregue-a-empresas-e-profissionais-que-atuam-em-parceria-com-os-municipios","status":"publish","type":"post","link":"https:\/\/ilheusnews.com.br\/?p=14251","title":{"rendered":"Selo UPB \u00e9 entregue a empresas e profissionais que atuam em parceria com os munic\u00edpios"},"content":{"rendered":"<div>A Uni\u00e3o dos Munic\u00edpios da Bahia (UPB) realizou, na \u00faltima quinta-feira (13), a entrega do\u00a0Selo UPB, certifica\u00e7\u00e3o institucional destinada a empresas e profissionais liberais que atuam junto aos munic\u00edpios associados. A solenidade integrou as comemora\u00e7\u00f5es pelos 62 anos da UPB e foi realizada na sede da entidade, em Salvador. (Foto ilustra\u00e7\u00e3o) Criado pela UPB, o Selo tem como objetivo reconhecer empresas e profissionais que se destacam pela\u00a0excel\u00eancia t\u00e9cnica, reputa\u00e7\u00e3o ilibada e atua\u00e7\u00e3o pautada pelo respeito aos princ\u00edpios da administra\u00e7\u00e3o p\u00fablica. A certifica\u00e7\u00e3o representa tamb\u00e9m um reconhecimento \u00e0queles que contribuem, por meio de seus servi\u00e7os e conhecimentos especializados, para o fortalecimento da gest\u00e3o municipal e para o aprimoramento das pol\u00edticas p\u00fablicas nos munic\u00edpios baianos. A iniciativa refor\u00e7a o compromisso da UPB em valorizar parceiros que compartilham dos princ\u00edpios de responsabilidade, transpar\u00eancia, \u00e9tica e qualifica\u00e7\u00e3o t\u00e9cnica na rela\u00e7\u00e3o com a administra\u00e7\u00e3o p\u00fablica municipal. A entrega do Selo UPB ocorreu em um momento simb\u00f3lico para a entidade, que celebrou seus 62 anos de atua\u00e7\u00e3o em defesa do municipalismo baiano. A programa\u00e7\u00e3o tamb\u00e9m contou com a inaugura\u00e7\u00e3o do novo Espa\u00e7o Municipalista, a entrega da reforma e amplia\u00e7\u00e3o do Audit\u00f3rio Prefeito Antonio Lomanto Junior e a primeira outorga da\u00a0Comenda Governador Jo\u00e3o Durval Carneiro. (Ascom\/UPB)<\/div>\n","protected":false},"excerpt":{"rendered":"<p>A Uni\u00e3o dos Munic\u00edpios da Bahia (UPB) realizou, na \u00faltima quinta-feira (13), a entrega do\u00a0Selo UPB, certifica\u00e7\u00e3o institucional destinada a empresas e profissionais liberais que atuam junto aos munic\u00edpios associados. A solenidade integrou as comemora\u00e7\u00f5es pelos 62 anos da UPB e foi realizada na sede da entidade, em Salvador. (Foto ilustra\u00e7\u00e3o) Criado pela UPB, o<\/p>\n","protected":false},"author":8,"featured_media":0,"comment_status":"closed","ping_status":"closed","sticky":false,"template":"","format":"standard","meta":{"fifu_image_url":"","fifu_image_alt":"","footnotes":""},"categories":[33],"tags":[],"class_list":["post-14251","post","type-post","status-publish","format-standard","hentry","category-noticias"],"_links":{"self":[{"href":"https:\/\/ilheusnews.com.br\/index.php?rest_route=\/wp\/v2\/posts\/14251","targetHints":{"allow":["GET"]}}],"collection":[{"href":"https:\/\/ilheusnews.com.br\/index.php?rest_route=\/wp\/v2\/posts"}],"about":[{"href":"https:\/\/ilheusnews.com.br\/index.php?rest_route=\/wp\/v2\/types\/post"}],"author":[{"embeddable":true,"href":"https:\/\/ilheusnews.com.br\/index.php?rest_route=\/wp\/v2\/users\/8"}],"replies":[{"embeddable":true,"href":"https:\/\/ilheusnews.com.br\/index.php?rest_route=%2Fwp%2Fv2%2Fcomments&post=14251"}],"version-history":[{"count":0,"href":"https:\/\/ilheusnews.com.br\/index.php?rest_route=\/wp\/v2\/posts\/14251\/revisions"}],"wp:attachment":[{"href":"https:\/\/ilheusnews.com.br\/index.php?rest_route=%2Fwp%2Fv2%2Fmedia&parent=14251"}],"wp:term":[{"taxonomy":"category","embeddable":true,"href":"https:\/\/ilheusnews.com.br\/index.php?rest_route=%2Fwp%2Fv2%2Fcategories&post=14251"},{"taxonomy":"post_tag","embeddable":true,"href":"https:\/\/ilheusnews.com.br\/index.php?rest_route=%2Fwp%2Fv2%2Ftags&post=14251"}],"curies":[{"name":"wp","href":"https:\/\/api.w.org\/{rel}","templated":true}]}}