{"id":14241,"date":"2026-08-19T06:01:44","date_gmt":"2026-08-19T09:01:44","guid":{"rendered":"https:\/\/ilheusnews.com.br\/?p=14241"},"modified":"2026-08-19T06:01:44","modified_gmt":"2026-08-19T09:01:44","slug":"conquista-prefeitura-oficializa-tombamento-do-cristo-de-mario-cravo-como-patrimonio-historico-e-artistico","status":"publish","type":"post","link":"https:\/\/ilheusnews.com.br\/?p=14241","title":{"rendered":"Conquista: Prefeitura oficializa tombamento do Cristo de M\u00e1rio Cravo como Patrim\u00f4nio Hist\u00f3rico e Art\u00edstico"},"content":{"rendered":"<div>A cidade de Vit\u00f3ria da Conquista deu mais um passo fundamental na valoriza\u00e7\u00e3o e preserva\u00e7\u00e3o de sua hist\u00f3ria e cultura. Nesta segunda-feira (17) foi realizada a cerim\u00f4nia oficial de tombamento do Monumento do Cristo Crucificado, obra do escultor baiano M\u00e1rio Cravo J\u00fanior, como Patrim\u00f4nio Hist\u00f3rico, Art\u00edstico, Cultural e Paisag\u00edstico do Munic\u00edpio. (Foto ilustra\u00e7\u00e3o) A solenidade foi marcada especialmente para esta data levando em conta o Dia Nacional do Patrim\u00f4nio Hist\u00f3rico, celebrado em 17 de agosto. O tombamento foi estabelecido pelo\u00a0Decreto n\u00ba 24.371\/2026, publicado no Di\u00e1rio Oficial do Munic\u00edpio na \u00faltima quinta-feira (13). Inaugurado em 9 de novembro de 1980, o monumento do Cristo Crucificado \u00e9 uma importante refer\u00eancia hist\u00f3rica, cultural, art\u00edstica e afetiva para a popula\u00e7\u00e3o conquistense. A obra se destaca pela linguagem escult\u00f3rica moderna de M\u00e1rio Cravo, que rompeu com o modelo acad\u00eamico tradicional ao abandonar a obriga\u00e7\u00e3o do retrato figurativo e do belo cl\u00e1ssico, e adotar a representa\u00e7\u00e3o do Cristo associada \u00e0 identidade e \u00e0 realidade social do povo sertanejo. (Ascom\/PMVC)<\/div>\n","protected":false},"excerpt":{"rendered":"<p>A cidade de Vit\u00f3ria da Conquista deu mais um passo fundamental na valoriza\u00e7\u00e3o e preserva\u00e7\u00e3o de sua hist\u00f3ria e cultura. Nesta segunda-feira (17) foi realizada a cerim\u00f4nia oficial de tombamento do Monumento do Cristo Crucificado, obra do escultor baiano M\u00e1rio Cravo J\u00fanior, como Patrim\u00f4nio Hist\u00f3rico, Art\u00edstico, Cultural e Paisag\u00edstico do Munic\u00edpio. (Foto ilustra\u00e7\u00e3o) A solenidade<\/p>\n","protected":false},"author":8,"featured_media":0,"comment_status":"closed","ping_status":"closed","sticky":false,"template":"","format":"standard","meta":{"fifu_image_url":"","fifu_image_alt":"","footnotes":""},"categories":[33],"tags":[],"class_list":["post-14241","post","type-post","status-publish","format-standard","hentry","category-noticias"],"_links":{"self":[{"href":"https:\/\/ilheusnews.com.br\/index.php?rest_route=\/wp\/v2\/posts\/14241","targetHints":{"allow":["GET"]}}],"collection":[{"href":"https:\/\/ilheusnews.com.br\/index.php?rest_route=\/wp\/v2\/posts"}],"about":[{"href":"https:\/\/ilheusnews.com.br\/index.php?rest_route=\/wp\/v2\/types\/post"}],"author":[{"embeddable":true,"href":"https:\/\/ilheusnews.com.br\/index.php?rest_route=\/wp\/v2\/users\/8"}],"replies":[{"embeddable":true,"href":"https:\/\/ilheusnews.com.br\/index.php?rest_route=%2Fwp%2Fv2%2Fcomments&post=14241"}],"version-history":[{"count":0,"href":"https:\/\/ilheusnews.com.br\/index.php?rest_route=\/wp\/v2\/posts\/14241\/revisions"}],"wp:attachment":[{"href":"https:\/\/ilheusnews.com.br\/index.php?rest_route=%2Fwp%2Fv2%2Fmedia&parent=14241"}],"wp:term":[{"taxonomy":"category","embeddable":true,"href":"https:\/\/ilheusnews.com.br\/index.php?rest_route=%2Fwp%2Fv2%2Fcategories&post=14241"},{"taxonomy":"post_tag","embeddable":true,"href":"https:\/\/ilheusnews.com.br\/index.php?rest_route=%2Fwp%2Fv2%2Ftags&post=14241"}],"curies":[{"name":"wp","href":"https:\/\/api.w.org\/{rel}","templated":true}]}}