{"id":14235,"date":"2026-08-19T00:00:46","date_gmt":"2026-08-19T03:00:46","guid":{"rendered":"https:\/\/ilheusnews.com.br\/?p=14235"},"modified":"2026-08-19T00:00:46","modified_gmt":"2026-08-19T03:00:46","slug":"julgamento-da-meta-pode-provocar-mudancas-profundas-nas-redes-sociais","status":"publish","type":"post","link":"https:\/\/ilheusnews.com.br\/?p=14235","title":{"rendered":"Julgamento da Meta pode provocar mudan\u00e7as profundas nas redes sociais"},"content":{"rendered":"<div>\n<p>Esta ter\u00e7a-feira (18) foi marcada pela apresenta\u00e7\u00e3o das argumenta\u00e7\u00f5es iniciais em um julgamento hist\u00f3rico que tem a Meta no banco dos r\u00e9us. Procuradores-gerais de v\u00e1rios estados norte-americanos acusam a big tech de ter desenvolvido o Instagram e o Facebook para estimular o uso compulsivo entre crian\u00e7as e adolescentes, prejudicando a sa\u00fade mental dos usu\u00e1rios. <\/p>\n<p>O processo ocorre no tribunal federal de Oakland, na Calif\u00f3rnia, e pode impor multas bilion\u00e1rias \u00e0 empresa. A a\u00e7\u00e3o judicial ainda busca obrigar a Meta a alterar o funcionamento de recursos centrais de suas plataformas nos Estados Unidos. A empresa nega as acusa\u00e7\u00f5es. <\/p>\n<p>O julgamento deve durar entre cinco e oito semanas. Durante as audi\u00eancias, est\u00e3o previstos os depoimentos do CEO da Meta, Mark Zuckerberg, e do head do Instagram, Adam Mosseri. Mas o que ser\u00e1 que esse julgamento pode representar na pr\u00e1tica para o futuro das redes sociais da Meta e para as plataformas de maneira geral? Arthur Igreja, especialista em tecnologia e inova\u00e7\u00e3o, analisa:<\/p>\n<p>O post <a href=\"https:\/\/olhardigital.com.br\/2026\/08\/18\/colunistas\/julgamento-da-meta-pode-provocar-mudancas-profundas-nas-redes-sociais\/\">Julgamento da Meta pode provocar mudan\u00e7as profundas nas redes sociais<\/a> apareceu primeiro em <a href=\"https:\/\/olhardigital.com.br\/\">Olhar Digital<\/a>.<\/p>\n<\/div>\n","protected":false},"excerpt":{"rendered":"<p>Esta ter\u00e7a-feira (18) foi marcada pela apresenta\u00e7\u00e3o das argumenta\u00e7\u00f5es iniciais em um julgamento hist\u00f3rico que tem a Meta no banco dos r\u00e9us. Procuradores-gerais de v\u00e1rios estados norte-americanos acusam a big tech de ter desenvolvido o Instagram e o Facebook para estimular o uso compulsivo entre crian\u00e7as e adolescentes, prejudicando a sa\u00fade mental dos usu\u00e1rios. O<\/p>\n","protected":false},"author":6,"featured_media":0,"comment_status":"closed","ping_status":"closed","sticky":false,"template":"","format":"standard","meta":{"fifu_image_url":"","fifu_image_alt":"","footnotes":""},"categories":[33],"tags":[],"class_list":["post-14235","post","type-post","status-publish","format-standard","hentry","category-noticias"],"_links":{"self":[{"href":"https:\/\/ilheusnews.com.br\/index.php?rest_route=\/wp\/v2\/posts\/14235","targetHints":{"allow":["GET"]}}],"collection":[{"href":"https:\/\/ilheusnews.com.br\/index.php?rest_route=\/wp\/v2\/posts"}],"about":[{"href":"https:\/\/ilheusnews.com.br\/index.php?rest_route=\/wp\/v2\/types\/post"}],"author":[{"embeddable":true,"href":"https:\/\/ilheusnews.com.br\/index.php?rest_route=\/wp\/v2\/users\/6"}],"replies":[{"embeddable":true,"href":"https:\/\/ilheusnews.com.br\/index.php?rest_route=%2Fwp%2Fv2%2Fcomments&post=14235"}],"version-history":[{"count":0,"href":"https:\/\/ilheusnews.com.br\/index.php?rest_route=\/wp\/v2\/posts\/14235\/revisions"}],"wp:attachment":[{"href":"https:\/\/ilheusnews.com.br\/index.php?rest_route=%2Fwp%2Fv2%2Fmedia&parent=14235"}],"wp:term":[{"taxonomy":"category","embeddable":true,"href":"https:\/\/ilheusnews.com.br\/index.php?rest_route=%2Fwp%2Fv2%2Fcategories&post=14235"},{"taxonomy":"post_tag","embeddable":true,"href":"https:\/\/ilheusnews.com.br\/index.php?rest_route=%2Fwp%2Fv2%2Ftags&post=14235"}],"curies":[{"name":"wp","href":"https:\/\/api.w.org\/{rel}","templated":true}]}}