{"id":14234,"date":"2026-08-19T00:00:45","date_gmt":"2026-08-19T03:00:45","guid":{"rendered":"https:\/\/ilheusnews.com.br\/?p=14234"},"modified":"2026-08-19T00:00:45","modified_gmt":"2026-08-19T03:00:45","slug":"fala-ai-por-que-a-openai-decidiu-desacelerar-seus-modelos-de-ia","status":"publish","type":"post","link":"https:\/\/ilheusnews.com.br\/?p=14234","title":{"rendered":"Fala AI: por que a OpenAI decidiu desacelerar seus modelos de IA?"},"content":{"rendered":"<div>\n<p>A OpenAI anunciou nesta ter\u00e7a-feira (18) que est\u00e1 desacelerando o desenvolvimento de seus modelos de intelig\u00eancia artificial enquanto reformula seus sistemas de pesquisa e treinamento. Mas o que est\u00e1 por tr\u00e1s dessa decis\u00e3o e o que ela pode representar para o setor como um todo?<\/p>\n<p>Este \u00e9 o tema da coluna\u00a0<strong><a href=\"https:\/\/olhardigital.com.br\/tag\/fala-ai\/\" target=\"_blank\" rel=\"noreferrer noopener\">Fala AI<\/a><\/strong>\u00a0desta semana, com Roberto Pena Spinelli, f\u00edsico pela USP, com especialidade em Machine Learning por Stanford e pesquisador na \u00e1rea de Intelig\u00eancia Artificial. Confira!<\/p>\n<p>O post <a href=\"https:\/\/olhardigital.com.br\/2026\/08\/18\/colunistas\/fala-ai-por-que-a-openai-decidiu-desacelerar-seus-modelos-de-ia\/\">Fala AI: por que a OpenAI decidiu desacelerar seus modelos de IA?<\/a> apareceu primeiro em <a href=\"https:\/\/olhardigital.com.br\/\">Olhar Digital<\/a>.<\/p>\n<\/div>\n","protected":false},"excerpt":{"rendered":"<p>A OpenAI anunciou nesta ter\u00e7a-feira (18) que est\u00e1 desacelerando o desenvolvimento de seus modelos de intelig\u00eancia artificial enquanto reformula seus sistemas de pesquisa e treinamento. Mas o que est\u00e1 por tr\u00e1s dessa decis\u00e3o e o que ela pode representar para o setor como um todo? Este \u00e9 o tema da coluna\u00a0Fala AI\u00a0desta semana, com Roberto<\/p>\n","protected":false},"author":6,"featured_media":0,"comment_status":"closed","ping_status":"closed","sticky":false,"template":"","format":"standard","meta":{"fifu_image_url":"","fifu_image_alt":"","footnotes":""},"categories":[33],"tags":[],"class_list":["post-14234","post","type-post","status-publish","format-standard","hentry","category-noticias"],"_links":{"self":[{"href":"https:\/\/ilheusnews.com.br\/index.php?rest_route=\/wp\/v2\/posts\/14234","targetHints":{"allow":["GET"]}}],"collection":[{"href":"https:\/\/ilheusnews.com.br\/index.php?rest_route=\/wp\/v2\/posts"}],"about":[{"href":"https:\/\/ilheusnews.com.br\/index.php?rest_route=\/wp\/v2\/types\/post"}],"author":[{"embeddable":true,"href":"https:\/\/ilheusnews.com.br\/index.php?rest_route=\/wp\/v2\/users\/6"}],"replies":[{"embeddable":true,"href":"https:\/\/ilheusnews.com.br\/index.php?rest_route=%2Fwp%2Fv2%2Fcomments&post=14234"}],"version-history":[{"count":0,"href":"https:\/\/ilheusnews.com.br\/index.php?rest_route=\/wp\/v2\/posts\/14234\/revisions"}],"wp:attachment":[{"href":"https:\/\/ilheusnews.com.br\/index.php?rest_route=%2Fwp%2Fv2%2Fmedia&parent=14234"}],"wp:term":[{"taxonomy":"category","embeddable":true,"href":"https:\/\/ilheusnews.com.br\/index.php?rest_route=%2Fwp%2Fv2%2Fcategories&post=14234"},{"taxonomy":"post_tag","embeddable":true,"href":"https:\/\/ilheusnews.com.br\/index.php?rest_route=%2Fwp%2Fv2%2Ftags&post=14234"}],"curies":[{"name":"wp","href":"https:\/\/api.w.org\/{rel}","templated":true}]}}