{"id":14224,"date":"2026-08-18T18:01:13","date_gmt":"2026-08-18T21:01:13","guid":{"rendered":"https:\/\/ilheusnews.com.br\/?p=14224"},"modified":"2026-08-18T18:01:13","modified_gmt":"2026-08-18T21:01:13","slug":"eclipses-que-ajudam-a-contar-nossa-propria-historia","status":"publish","type":"post","link":"https:\/\/ilheusnews.com.br\/?p=14224","title":{"rendered":"Eclipses que ajudam a contar nossa pr\u00f3pria hist\u00f3ria"},"content":{"rendered":"<div>\n<p>Poucos fen\u00f4menos naturais conseguem produzir uma sensa\u00e7\u00e3o t\u00e3o profunda de conex\u00e3o com o <a href=\"https:\/\/olhardigital.com.br\/2026\/08\/18\/ciencia-e-espaco\/alem-da-terra-13-locais-surpreendentes-onde-encontramos-agua-no-universo\/\" target=\"_blank\" rel=\"noreferrer noopener\">Universo <\/a>quanto um eclipse total do Sol. Na \u00faltima quarta-feira (12), milh\u00f5es de pessoas na Europa puderam experimentar isso de perto, enquanto a Lua encobria completamente o Sol em uma faixa que atravessou a Isl\u00e2ndia e a <a href=\"https:\/\/olhardigital.com.br\/2024\/05\/22\/ciencia-e-espaco\/objeto-espacial-que-iluminou-portugal-e-espanha-e-revelado\/\" target=\"_blank\" rel=\"noreferrer noopener\">Espanha<\/a>. <\/p>\n<p>Por alguns minutos, o c\u00e9u mudou de apar\u00eancia, as estrelas mais brilhantes apareceram e a delicada coroa solar se revelou ao redor da Lua. Foi um espet\u00e1culo de rara beleza, mas tamb\u00e9m um lembrete do quanto os eclipses foram importantes para o desenvolvimento do nosso conhecimento sobre o Cosmos.<\/p>\n<div class=\"wp-block-image\">\n<figure class=\"aligncenter size-large\"><figcaption class=\"wp-element-caption\">Eclipse do \u00faltimo dia 12 registrado em Zaragoza, Espanha \u2013 Cr\u00e9ditos: Ruiyu Zhang<\/figcaption><\/figure>\n<\/div>\n<p>Os eclipses nos ensinaram muito al\u00e9m dos movimentos da Terra e da Lua, eles nos ajudaram a medir dist\u00e2ncias intercontinentais, determinar a composi\u00e7\u00e3o do Sol, comprovar a <a href=\"https:\/\/olhardigital.com.br\/2025\/01\/05\/ciencia-e-espaco\/teoria-da-relatividade-de-einstein-semelhancas-e-diferencas-entre-relatividade-geral-e-restrita\/\" target=\"_blank\" rel=\"noreferrer noopener\">Teoria da Relatividade Geral de Einstein <\/a>e, ainda hoje, s\u00e3o uma importante ferramenta para estudos da coroa solar. Mas al\u00e9m de nos ensinar sobre o Universo, os eclipses tamb\u00e9m podem nos ajudar a contar a nossa pr\u00f3pria hist\u00f3ria, reconstruindo acontecimentos ocorridos h\u00e1 milhares de anos.<\/p>\n<p>Para um historiador, determinar exatamente quando aconteceu um evento antigo pode ser um problema muito mais complicado do que parece. Durante grande parte da hist\u00f3ria, cada povo, cada civiliza\u00e7\u00e3o ao redor do globo, utilizava formas distintas e algumas bem criativas para medir a passagem do tempo. Alguns seguiam principalmente os ciclos da Lua, outros tentavam acompanhar o movimento anual do Sol, e nem todos tinham a mesma dura\u00e7\u00e3o para seus anos.\u00a0<\/p>\n<p>Al\u00e9m disso, era comum \u201czerar\u201d a contagem dos anos a cada novo reinado. Assim, um documento podia dizer que algo aconteceu \u201cno quarto ano do reinado de Salom\u00e3o\u201d, por exemplo. T\u00ednhamos uma ideia do tempo, mas n\u00e3o uma data que pud\u00e9ssemos colocar no nosso calend\u00e1rio. Sem falar que em algumas culturas, os anos nem eram contados, eles simplesmente ganhavam um nome a cada r\u00e9veillon.<\/p>\n<p>Com toda essa confus\u00e3o, datar os acontecimentos hist\u00f3ricos seria praticamente imposs\u00edvel, n\u00e3o fosse uma ajuda dos c\u00e9us: os eclipses.<\/p>\n<figure class=\"wp-block-image size-large\"><img loading=\"lazy\" decoding=\"async\" width=\"1024\" height=\"607\" src=\"https:\/\/ilheusnews.com.br\/wp-content\/uploads\/2026\/08\/diagrama-egito-tempo-1024x607-1.png\" alt=\"diagrama egito tempo\" class=\"wp-image-1364389\" srcset=\"https:\/\/img.odcdn.com.br\/wp-content\/uploads\/2026\/08\/diagrama-egito-tempo-1024x607.png 1024w, https:\/\/img.odcdn.com.br\/wp-content\/uploads\/2026\/08\/diagrama-egito-tempo-300x178.png 300w, https:\/\/img.odcdn.com.br\/wp-content\/uploads\/2026\/08\/diagrama-egito-tempo-768x455.png 768w, https:\/\/img.odcdn.com.br\/wp-content\/uploads\/2026\/08\/diagrama-egito-tempo-150x89.png 150w, https:\/\/img.odcdn.com.br\/wp-content\/uploads\/2026\/08\/diagrama-egito-tempo.png 1280w\" sizes=\"auto, (max-width: 1024px) 100vw, 1024px\"><figcaption class=\"wp-element-caption\">Diagramas eg\u00edpcios com refer\u00eancias astron\u00f4micas usadas para marcar a passagem do tempo \u2013 Cr\u00e9dito: Dom\u00ednio p\u00fablico<\/figcaption><\/figure>\n<p>Em uma t\u00e1bua de argila, um antigo registro ass\u00edrio, que s\u00f3 foi decifrado no S\u00e9culo XIX, continha o seguinte relato: \u201cBur-Sagale de Guzana. Revolta na cidade de Assur. No m\u00eas de Simanu, ocorreu um eclipse do Sol\u201d. Na tradi\u00e7\u00e3o ass\u00edria, cada ano recebia o nome de um governante ou oficial importante nomeado pelo rei. Aqueles fatos ocorreram no ano de Bur-Sagale, na regi\u00e3o de Guzana. Simanu era o nome dado ao terceiro m\u00eas do calend\u00e1rio ass\u00edrio, que corresponderia hoje ao per\u00edodo entre maio e junho. Mas a chave para sabermos exatamente quando ocorreu a revolta em Assur foi o relato do eclipse.\u00a0<\/p>\n<p>\u00c0 medida que a astronomia avan\u00e7ou, especialmente depois da formula\u00e7\u00e3o das leis da gravita\u00e7\u00e3o de Newton, passamos a compreender matematicamente os movimentos da Terra e da Lua. Com isso, nos tornamos capazes de calcular com precis\u00e3o a ocorr\u00eancia de eclipses com s\u00e9culos de anteced\u00eancia. Da mesma forma, tamb\u00e9m podemos fazer o caminho inverso e, com modelos cada vez mais precisos, tornou-se poss\u00edvel determinar quando e onde eclipses antigos ocorreram. Foi assim que em 1867, Henry Rawlinson identificou o eclipse de 15 de junho de 763 a.C. como o candidato mais prov\u00e1vel ao fen\u00f4meno relatado no antigo escrito ass\u00edrio.\u00a0<\/p>\n<div class=\"wp-block-image\">\n<figure class=\"aligncenter size-full\"><img loading=\"lazy\" decoding=\"async\" width=\"500\" height=\"577\" src=\"https:\/\/ilheusnews.com.br\/wp-content\/uploads\/2026\/08\/Eclipse-de-15-de-junho-de-763-aC.png\" alt=\"Eclipse de 15 de junho de 763 aC\" class=\"wp-image-1364391\" srcset=\"https:\/\/img.odcdn.com.br\/wp-content\/uploads\/2026\/08\/Eclipse-de-15-de-junho-de-763-aC.png 500w, https:\/\/img.odcdn.com.br\/wp-content\/uploads\/2026\/08\/Eclipse-de-15-de-junho-de-763-aC-260x300.png 260w, https:\/\/img.odcdn.com.br\/wp-content\/uploads\/2026\/08\/Eclipse-de-15-de-junho-de-763-aC-150x173.png 150w\" sizes=\"auto, (max-width: 500px) 100vw, 500px\"><figcaption class=\"wp-element-caption\">Eclipse de 15 de junho de 763 a.C., candidato mais prov\u00e1vel ao fen\u00f4meno relatado no antigo escrito ass\u00edrio \u2013 Cr\u00e9ditos: NASA<\/figcaption><\/figure>\n<\/div>\n<p>Com isso, o ano de Bur-Sagale passou a ter um correspondente no nosso calend\u00e1rio e pode ser usado como uma \u201c\u00e2ncora temporal\u201d que nos permitiu organizar a cronologia dos fatos relatados pelos ass\u00edrios daquela \u00e9poca.\u00a0<\/p>\n<p>Outro exemplo extraordin\u00e1rio aparece na obra do historiador grego Her\u00f3doto. Em seus registros, ele conta que, durante um intenso combate, no sexto ano da guerra entre medos e l\u00eddios, o dia subitamente se transformou em noite. O fen\u00f4meno teria levado os dois lados a interromper a batalha e buscar a paz. Her\u00f3doto tamb\u00e9m afirma que o fil\u00f3sofo Tales de Mileto havia previsto a ocorr\u00eancia daquele eclipse. Hoje sabemos que o acontecimento pode ser associado ao eclipse solar de 28 de maio do ano de 585 a.C. Assim, um relato hist\u00f3rico ganhou uma data exata, gra\u00e7as \u00e0 precis\u00e3o dos movimentos c\u00f3smicos e \u00e0 ci\u00eancia.\u00a0<\/p>\n<div class=\"wp-block-image\">\n<figure class=\"aligncenter size-full\"><img loading=\"lazy\" decoding=\"async\" width=\"633\" height=\"900\" src=\"https:\/\/ilheusnews.com.br\/wp-content\/uploads\/2026\/08\/batalha-entre-Ldios-e-Medos.png\" alt=\"batalha entre Ldios e Medos\" class=\"wp-image-1364392\" srcset=\"https:\/\/img.odcdn.com.br\/wp-content\/uploads\/2026\/08\/batalha-entre-Ldios-e-Medos.png 633w, https:\/\/img.odcdn.com.br\/wp-content\/uploads\/2026\/08\/batalha-entre-Ldios-e-Medos-211x300.png 211w, https:\/\/img.odcdn.com.br\/wp-content\/uploads\/2026\/08\/batalha-entre-Ldios-e-Medos-150x213.png 150w\" sizes=\"auto, (max-width: 633px) 100vw, 633px\"><figcaption class=\"wp-element-caption\">A batalha entre L\u00eddios e Medos foi interrompida por um eclipse total do Sol em 28 de maio de 585 a.C. \u2013 Gravura: Georges Rochegrosse<\/figcaption><\/figure>\n<\/div>\n<p>Se simples relatos j\u00e1 se mostraram t\u00e3o importantes para a ci\u00eancia, imagine s\u00e9culos de observa\u00e7\u00f5es sistem\u00e1ticas e detalhadas de eclipses.\u00a0\u00a0<\/p>\n<p>Ningu\u00e9m fez isso melhor do que os astr\u00f4nomos chineses. Ao longo de centenas de anos, eles registraram os eclipses, suas datas, hor\u00e1rios e locais de observa\u00e7\u00e3o. Nem todos esses registros s\u00e3o igualmente seguros, mas o conjunto \u00e9 t\u00e3o rico que pesquisadores conseguiram compar\u00e1-lo com os c\u00e1lculos astron\u00f4micos modernos para investigar n\u00e3o apenas a hist\u00f3ria da China, mas tamb\u00e9m a hist\u00f3ria da rota\u00e7\u00e3o do nosso planeta.<\/p>\n<p>Isso acontece porque a Terra n\u00e3o gira como um rel\u00f3gio perfeito. A velocidade de rota\u00e7\u00e3o varia ligeiramente ao longo do tempo. Quando comparamos o local e o momento em que um eclipse deveria ter sido observado, segundo nossos modelos, com aquilo que os antigos observadores registraram, podemos estimar essas diferen\u00e7as. Em outras palavras, documentos escritos h\u00e1 s\u00e9culos ou mil\u00eanios carregam informa\u00e7\u00f5es sobre como o nosso planeta estava girando naquela \u00e9poca. E por isso, estudos recentes continuam utilizando registros chineses para refinar essa reconstru\u00e7\u00e3o.<\/p>\n<p>E tudo isso s\u00f3 \u00e9 poss\u00edvel gra\u00e7as ao fasc\u00ednio que os eclipses exercem sobre n\u00f3s. Se hoje queremos fotografar e inundar as redes sociais com as bel\u00edssimas imagens de um momento t\u00e3o m\u00e1gico, h\u00e1 milhares de anos, nossos ancestrais \u201cpostavam\u201d seus registros em papiros e t\u00e1buas de argila, sem saber que estavam deixando para as gera\u00e7\u00f5es futuras uma refer\u00eancia capaz de ajudar a reconstruir seu pr\u00f3prio tempo.\u00a0<\/p>\n<figure class=\"wp-block-image size-large\"><img loading=\"lazy\" decoding=\"async\" width=\"1024\" height=\"678\" src=\"https:\/\/ilheusnews.com.br\/wp-content\/uploads\/2026\/08\/eclipse-palma-de-mallorca-facebook-1024x678-1.jpg\" alt=\"eclipse Menorca\" class=\"wp-image-1364394\" srcset=\"https:\/\/img.odcdn.com.br\/wp-content\/uploads\/2026\/08\/eclipse-palma-de-mallorca-facebook-1024x678.jpg 1024w, https:\/\/img.odcdn.com.br\/wp-content\/uploads\/2026\/08\/eclipse-palma-de-mallorca-facebook-300x199.jpg 300w, https:\/\/img.odcdn.com.br\/wp-content\/uploads\/2026\/08\/eclipse-palma-de-mallorca-facebook-768x509.jpg 768w, https:\/\/img.odcdn.com.br\/wp-content\/uploads\/2026\/08\/eclipse-palma-de-mallorca-facebook-150x99.jpg 150w, https:\/\/img.odcdn.com.br\/wp-content\/uploads\/2026\/08\/eclipse-palma-de-mallorca-facebook.jpg 1400w\" sizes=\"auto, (max-width: 1024px) 100vw, 1024px\"><figcaption class=\"wp-element-caption\">Um p\u00f4r do sol com eclipse na praia de Son Bou, Menorca, Espanha \u2013 Cr\u00e9dito: Andrea Garcia\/Solar Eclipse Chasers\/Reprodu\u00e7\u00e3o Facebook<\/figcaption><\/figure>\n<p>\u00c9 claro que a astronomia n\u00e3o resolveu todos os problemas dos historiadores. Muitos registros se perderam, muitos relatos antigos s\u00e3o amb\u00edguos e, em alguns casos, fatos hist\u00f3ricos podem ter sido misturados a lendas, interpreta\u00e7\u00f5es m\u00edticas ou fantasias. Nem todo eclipse mencionado em um texto antigo pode ser identificado com seguran\u00e7a.<\/p>\n<p>Mas \u00e9 justamente isso que torna esses registros t\u00e3o valiosos. Quando um relato do passado pode ser confrontado com as leis da f\u00edsica, ele pode se transformar numa refer\u00eancia cronol\u00f3gica extraordinariamente precisa da hist\u00f3ria humana.<\/p>\n<p>Por isso os eclipses solares encantam e fascinam milh\u00f5es de pessoas ao redor do mundo. S\u00e3o fen\u00f4menos rar\u00edssimos, de incompar\u00e1vel beleza, duram apenas alguns minutos, mas o suficiente para nos ensinar mais sobre o <a href=\"https:\/\/olhardigital.com.br\/2026\/06\/01\/colunistas\/olhar-cada-vez-mais-longe-a-saga-dos-telescopios-e-a-descoberta-do-universo\/\" target=\"_blank\" rel=\"noreferrer noopener\">Universo <\/a>e nos ajudar a contar a nossa pr\u00f3pria hist\u00f3ria.<\/p>\n<p>O post <a href=\"https:\/\/olhardigital.com.br\/2026\/08\/18\/colunistas\/eclipses-que-ajudam-a-contar-nossa-propria-historia\/\">Eclipses que ajudam a contar nossa pr\u00f3pria hist\u00f3ria<\/a> apareceu primeiro em <a href=\"https:\/\/olhardigital.com.br\/\">Olhar Digital<\/a>.<\/p>\n<\/div>\n","protected":false},"excerpt":{"rendered":"<p>Poucos fen\u00f4menos naturais conseguem produzir uma sensa\u00e7\u00e3o t\u00e3o profunda de conex\u00e3o com o Universo quanto um eclipse total do Sol. Na \u00faltima quarta-feira (12), milh\u00f5es de pessoas na Europa puderam experimentar isso de perto, enquanto a Lua encobria completamente o Sol em uma faixa que atravessou a Isl\u00e2ndia e a Espanha. Por alguns minutos, o<\/p>\n","protected":false},"author":6,"featured_media":14225,"comment_status":"closed","ping_status":"closed","sticky":false,"template":"","format":"standard","meta":{"fifu_image_url":"https:\/\/olhardigital.com.br\/wp-content\/uploads\/2026\/08\/eclipse-em-Zaragoza-683x1024.png","fifu_image_alt":"Eclipses que ajudam a contar nossa pr\u00f3pria hist\u00f3ria","footnotes":""},"categories":[33],"tags":[],"class_list":["post-14224","post","type-post","status-publish","format-standard","has-post-thumbnail","hentry","category-noticias"],"_links":{"self":[{"href":"https:\/\/ilheusnews.com.br\/index.php?rest_route=\/wp\/v2\/posts\/14224","targetHints":{"allow":["GET"]}}],"collection":[{"href":"https:\/\/ilheusnews.com.br\/index.php?rest_route=\/wp\/v2\/posts"}],"about":[{"href":"https:\/\/ilheusnews.com.br\/index.php?rest_route=\/wp\/v2\/types\/post"}],"author":[{"embeddable":true,"href":"https:\/\/ilheusnews.com.br\/index.php?rest_route=\/wp\/v2\/users\/6"}],"replies":[{"embeddable":true,"href":"https:\/\/ilheusnews.com.br\/index.php?rest_route=%2Fwp%2Fv2%2Fcomments&post=14224"}],"version-history":[{"count":0,"href":"https:\/\/ilheusnews.com.br\/index.php?rest_route=\/wp\/v2\/posts\/14224\/revisions"}],"wp:featuredmedia":[{"embeddable":true,"href":"https:\/\/ilheusnews.com.br\/index.php?rest_route=\/wp\/v2\/media\/14225"}],"wp:attachment":[{"href":"https:\/\/ilheusnews.com.br\/index.php?rest_route=%2Fwp%2Fv2%2Fmedia&parent=14224"}],"wp:term":[{"taxonomy":"category","embeddable":true,"href":"https:\/\/ilheusnews.com.br\/index.php?rest_route=%2Fwp%2Fv2%2Fcategories&post=14224"},{"taxonomy":"post_tag","embeddable":true,"href":"https:\/\/ilheusnews.com.br\/index.php?rest_route=%2Fwp%2Fv2%2Ftags&post=14224"}],"curies":[{"name":"wp","href":"https:\/\/api.w.org\/{rel}","templated":true}]}}