{"id":14210,"date":"2026-08-18T18:01:09","date_gmt":"2026-08-18T21:01:09","guid":{"rendered":"https:\/\/ilheusnews.com.br\/?p=14210"},"modified":"2026-08-18T18:01:09","modified_gmt":"2026-08-18T21:01:09","slug":"misterio-da-energia-escura-ganha-reviravolta","status":"publish","type":"post","link":"https:\/\/ilheusnews.com.br\/?p=14210","title":{"rendered":"Mist\u00e9rio da energia escura ganha reviravolta\u00a0"},"content":{"rendered":"<div>\n<p>Durante d\u00e9cadas, o modelo cosmol\u00f3gico padr\u00e3o tratou a energia escura como uma constante respons\u00e1vel por acelerar a <a href=\"https:\/\/olhardigital.com.br\/2025\/10\/03\/ciencia-e-espaco\/misterio-da-expansao-do-universo-pode-ser-resolvido-sem-forcas-ocultas\/\">expans\u00e3o do U<\/a><a href=\"https:\/\/olhardigital.com.br\/2025\/10\/03\/ciencia-e-espaco\/misterio-da-expansao-do-universo-pode-ser-resolvido-sem-forcas-ocultas\/\" target=\"_blank\" rel=\"noreferrer noopener\">n<\/a><a href=\"https:\/\/olhardigital.com.br\/2025\/10\/03\/ciencia-e-espaco\/misterio-da-expansao-do-universo-pode-ser-resolvido-sem-forcas-ocultas\/\">iverso<\/a>. Resultados do<em> Dark Energy Spectroscopic Instrument<\/em> (<a href=\"https:\/\/www.desi.lbl.gov\/\" target=\"_blank\" rel=\"noreferrer noopener sponsored nofollow\">DESI<\/a>) <a href=\"https:\/\/olhardigital.com.br\/2025\/03\/20\/ciencia-e-espaco\/evidencias-sugerem-que-energia-escura-pode-estar-mudando-e-redefinindo-destino-do-universo\/\" target=\"_blank\" rel=\"noreferrer noopener\">divulgados em 2025<\/a>, no entanto, abriram uma possibilidade intrigante: talvez esse componente misterioso n\u00e3o seja constante e esteja mudando ao longo do tempo.<\/p>\n<p>A segunda libera\u00e7\u00e3o de dados do DESI (DR2), baseada nos tr\u00eas primeiros anos de observa\u00e7\u00f5es, mostrou compatibilidade com o modelo padr\u00e3o da cosmologia (\u039bCDM), que considera a energia escura constante. Ao mesmo tempo, os resultados indicaram uma prefer\u00eancia pela possibilidade de que ela evolua ao longo da hist\u00f3ria do Universo.<\/p>\n<figure class=\"wp-block-image size-large\"><figcaption class=\"wp-element-caption\">Instrumento Espectrosc\u00f3pico de Energia Escura tem cinco mil fibras \u00f3pticas, e cada uma atua como um mini-telesc\u00f3pio \u2013 Cr\u00e9dito: DESI<\/figcaption><\/figure>\n<p>No estudo <a href=\"https:\/\/pure.port.ac.uk\/ws\/portalfiles\/portal\/112032813\/DESI_DR2_Results_II.pdf\" target=\"_blank\" rel=\"noreferrer noopener sponsored nofollow\">publicado <\/a>em 19 de mar\u00e7o do ano passado, a colabora\u00e7\u00e3o DESI combinou os dados da DR2 com observa\u00e7\u00f5es da radia\u00e7\u00e3o c\u00f3smica de fundo e tr\u00eas conjuntos de supernovas do tipo Ia. Dependendo da amostra utilizada, a an\u00e1lise encontrou uma prefer\u00eancia de 2,8 a 4,2 sigma por um modelo em que a energia escura pode evoluir.\u00a0<\/p>\n<p>Esse resultado n\u00e3o significa que o DESI tenha descoberto uma nova forma de energia. A signific\u00e2ncia estat\u00edstica ainda est\u00e1 abaixo do patamar de 5 sigma normalmente associado a uma descoberta na f\u00edsica. Al\u00e9m disso, a pr\u00f3pria an\u00e1lise depende da combina\u00e7\u00e3o de diferentes conjuntos de dados e da maneira como o comportamento da energia escura \u00e9 descrito matematicamente.<\/p>\n<p>\u00c9 justamente nesse ponto que trabalhos publicados posteriormente come\u00e7aram a reexaminar a interpreta\u00e7\u00e3o dos dados.<\/p>\n<h2 class=\"wp-block-heading\" id=\"h-sinal-concentrado-em-apenas-uma-faixa\"><strong>Sinal concentrado em apenas uma faixa<\/strong><\/h2>\n<p>Um dos questionamentos mais recentes veio em 31 de julho, com<a href=\"https:\/\/arxiv.org\/abs\/2607.28918\" target=\"_blank\" rel=\"noreferrer noopener sponsored nofollow\"> um estudo <\/a>conduzido por Jinyoung Kim, da Universidade Stanford e da empresa de investimentos Two Sigma, nos Estados Unidos; David F. Mota e Andrius Tamosiunas, ambos da Universidade de Oslo, na Noruega.\u00a0<\/p>\n<p>A equipe aplicou uma abordagem estat\u00edstica desenvolvida para situa\u00e7\u00f5es em que os mesmos dados s\u00e3o analisados repetidamente conforme novos conjuntos s\u00e3o disponibilizados.<\/p>\n<figure class=\"wp-block-image size-large\"><img loading=\"lazy\" decoding=\"async\" width=\"1024\" height=\"536\" src=\"https:\/\/ilheusnews.com.br\/wp-content\/uploads\/2026\/08\/energia-escura-1024x536-1.jpg\" alt=\"Expans\u00e3o do Universo tem sido explicada com a energia escura\" class=\"wp-image-1025325\" srcset=\"https:\/\/img.odcdn.com.br\/wp-content\/uploads\/2024\/12\/energia-escura-1024x536.jpg 1024w, https:\/\/img.odcdn.com.br\/wp-content\/uploads\/2024\/12\/energia-escura-300x157.jpg 300w, https:\/\/img.odcdn.com.br\/wp-content\/uploads\/2024\/12\/energia-escura-768x402.jpg 768w, https:\/\/img.odcdn.com.br\/wp-content\/uploads\/2024\/12\/energia-escura-1536x805.jpg 1536w, https:\/\/img.odcdn.com.br\/wp-content\/uploads\/2024\/12\/energia-escura-2048x1073.jpg 2048w, https:\/\/img.odcdn.com.br\/wp-content\/uploads\/2024\/12\/energia-escura-150x79.jpg 150w\" sizes=\"auto, (max-width: 1024px) 100vw, 1024px\"><figcaption class=\"wp-element-caption\">A expans\u00e3o do Universo tem sido explicada pela energia escura \u2013 Cr\u00e9dito: Dark Energy Survey\/DOE\/FNAL\/DECam\/CTIO\/NOIRLab\/NSF\/AURA<\/figcaption><\/figure>\n<p>Para Bruno Quint, doutor em astronomia pela Universidade de S\u00e3o Paulo (USP) e cientista de opera\u00e7\u00f5es no <a href=\"https:\/\/olhardigital.com.br\/2026\/06\/23\/ciencia-e-espaco\/como-o-vera-rubin-pode-ajudar-a-desvendar-o-misterio-da-energia-escura\/\" target=\"_blank\" rel=\"noreferrer noopener\">Observat\u00f3rio Vera C. Rubin,<\/a> esse tipo de reavalia\u00e7\u00e3o mostra como ainda existem d\u00favidas fundamentais sobre a pr\u00f3pria natureza da energia escura. \u201cA resposta honesta come\u00e7a por uma confiss\u00e3o: n\u00e3o sabemos o que ela \u00e9. Energia escura foi o nome que demos a algo que est\u00e1 fazendo a expans\u00e3o do Universo acelerar, sem que tenhamos identificado sua natureza\u201d, disse o astr\u00f4nomo em entrevista ao<strong> Olhar Digital<\/strong>.<\/p>\n<p>Essa incerteza ajuda a explicar por que diferentes an\u00e1lises podem chegar a resultados distintos ao tentar determinar se a energia escura \u00e9 realmente constante. No novo estudo, os pesquisadores observaram que a evid\u00eancia est\u00e1 concentrada quase inteiramente na faixa LRG2, que corresponde a uma determinada dist\u00e2ncia e \u00e9poca na hist\u00f3ria do Universo, identificada pelo chamado desvio para o vermelho (<em>redshift<\/em>).<\/p>\n<p>Quando essa faixa \u00e9 retirada da an\u00e1lise, o resultado passa a favorecer levemente o modelo \u039bCDM. Al\u00e9m disso, ao considerar a possibilidade de que o excesso pudesse ter surgido em qualquer uma das sete faixas analisadas, o sinal deixa de sobreviver \u00e0 corre\u00e7\u00e3o estat\u00edstica.<\/p>\n<p>Com base nesses resultados, os autores classificam o sinal como fr\u00e1gil, concentrado em uma \u00fanica faixa e dependente da forma como o teste \u00e9 especificado, em vez de consider\u00e1-lo uma evid\u00eancia robusta de energia escura din\u00e2mica.<\/p>\n<h2 class=\"wp-block-heading\" id=\"h-outra-analise-encontra-preferencia-menor\"><strong>Outra an\u00e1lise encontra prefer\u00eancia menor<\/strong><\/h2>\n<p>Poucos dias antes, em 26 de julho, outro grupo chegou a uma conclus\u00e3o semelhante por um caminho diferente. O<a href=\"https:\/\/arxiv.org\/abs\/2607.23593\" target=\"_blank\" rel=\"noreferrer noopener sponsored nofollow\"> estudo<\/a> usou uma t\u00e9cnica estat\u00edstica conhecida como processo gaussiano, que permite reconstruir a hist\u00f3ria da expans\u00e3o do Universo a partir dos dados, sem precisar assumir antecipadamente uma f\u00f3rmula espec\u00edfica para o comportamento da energia escura.<\/p>\n<p>A combina\u00e7\u00e3o dos dados do DESI DR2 com informa\u00e7\u00f5es da radia\u00e7\u00e3o c\u00f3smica de fundo, <a href=\"https:\/\/olhardigital.com.br\/2026\/05\/25\/ciencia-e-espaco\/observatorio-da-nasa-descobre-forca-que-alimenta-supernovas-superenergizadas\/\" target=\"_blank\" rel=\"noreferrer noopener\">supernovas <\/a>e \u201ccron\u00f4metros c\u00f3smicos\u201d ainda apresentou alguma prefer\u00eancia por uma energia escura que evolui. No entanto, essa prefer\u00eancia diminuiu quando os pesquisadores testaram diferentes modelos e combina\u00e7\u00f5es de dados. Em algumas an\u00e1lises, a diferen\u00e7a em rela\u00e7\u00e3o ao modelo padr\u00e3o ficou pr\u00f3xima de 1 sigma, um n\u00edvel considerado fraco para sustentar uma evid\u00eancia cient\u00edfica.<\/p>\n<figure class=\"wp-block-image size-large\"><img loading=\"lazy\" decoding=\"async\" width=\"1024\" height=\"882\" src=\"https:\/\/ilheusnews.com.br\/wp-content\/uploads\/2026\/08\/energia-escura-mudando-desi-1024x882-1.jpg\" alt=\"energia escura vari\u00e1vel\" class=\"wp-image-1364372\" srcset=\"https:\/\/img.odcdn.com.br\/wp-content\/uploads\/2026\/08\/energia-escura-mudando-desi-1024x882.jpg 1024w, https:\/\/img.odcdn.com.br\/wp-content\/uploads\/2026\/08\/energia-escura-mudando-desi-300x258.jpg 300w, https:\/\/img.odcdn.com.br\/wp-content\/uploads\/2026\/08\/energia-escura-mudando-desi-768x661.jpg 768w, https:\/\/img.odcdn.com.br\/wp-content\/uploads\/2026\/08\/energia-escura-mudando-desi-150x129.jpg 150w, https:\/\/img.odcdn.com.br\/wp-content\/uploads\/2026\/08\/energia-escura-mudando-desi.jpg 1115w\" sizes=\"auto, (max-width: 1024px) 100vw, 1024px\"><figcaption class=\"wp-element-caption\">Representa\u00e7\u00e3o esquem\u00e1tica dos resultados do DESI: a converg\u00eancia das medi\u00e7\u00f5es (\u00e1rea verde) desvia-se do modelo cosmol\u00f3gico tradicional (estrela $Lambda$), abrindo espa\u00e7o para a hip\u00f3tese de uma energia escura vari\u00e1vel. \u2013 Cr\u00e9dito: Claire Lamman \/ Cristhian Garcia-Quintero \/ DESI Collaboration \/ Traduzido e adaptado por IA (Gemini)<\/figcaption><\/figure>\n<h2 class=\"wp-block-heading\" id=\"h-calibracao-de-supernovas-pode-mudar-o-sinal-da-energia-escura\"><strong>Calibra\u00e7\u00e3o de supernovas pode mudar o sinal da energia escura<\/strong><\/h2>\n<p>Outra reavalia\u00e7\u00e3o chegou a uma conclus\u00e3o ainda mais provocativa. <a href=\"https:\/\/arxiv.org\/abs\/2603.05472\" target=\"_blank\" rel=\"noreferrer noopener sponsored nofollow\">No trabalho<\/a>, Dily Duan Yi Ong, David Yallup e Will Handley, todos da Universidade de Cambridge, no Reino Unido, analisaram os resultados usando uma abordagem bayesiana que penaliza modelos mais complexos.<\/p>\n<p>Com os dados do DESI e do sat\u00e9lite Planck, a indica\u00e7\u00e3o de que a energia escura poderia estar mudando perdeu for\u00e7a. Quando os pesquisadores usaram uma vers\u00e3o revisada dos dados de supernovas, essa evid\u00eancia desapareceu. Segundo os autores, parte do sinal anterior pode ter sido causada pela forma como esses dados foram calibrados.\u00a0<\/p>\n<p><strong>Leia mais:<\/strong><\/p>\n<ul>\n<li><a href=\"https:\/\/olhardigital.com.br\/2026\/06\/23\/ciencia-e-espaco\/como-o-vera-rubin-pode-ajudar-a-desvendar-o-misterio-da-energia-escura\/\" target=\"_blank\" rel=\"noreferrer noopener\">Como o Vera Rubin pode ajudar a desvendar o mist\u00e9rio da energia escura<\/a><\/li>\n<li><a href=\"https:\/\/olhardigital.com.br\/2026\/01\/26\/ciencia-e-espaco\/maior-estudo-sobre-energia-escura-revela-expansao-do-universo-com-precisao-inedita\/\" target=\"_blank\" rel=\"noreferrer noopener\">Maior estudo sobre energia escura revela expans\u00e3o do Universo com precis\u00e3o in\u00e9dita<\/a><\/li>\n<li><a href=\"https:\/\/olhardigital.com.br\/2025\/10\/03\/ciencia-e-espaco\/misterio-da-expansao-do-universo-pode-ser-resolvido-sem-forcas-ocultas\/\" target=\"_blank\" rel=\"noreferrer noopener\">Mist\u00e9rio para a expans\u00e3o do Universo pode ter resposta mais simples do que parece<\/a><\/li>\n<\/ul>\n<h2 class=\"wp-block-heading\" id=\"h-a-hipotese-de-uma-energia-escura-dinamica-ainda-permanece\"><strong>A hip\u00f3tese de uma energia escura din\u00e2mica ainda permanece<\/strong><\/h2>\n<p>Nem todos os estudos recentes, por\u00e9m, enfraquecem a hip\u00f3tese. Uma an\u00e1lise <a href=\"https:\/\/arxiv.org\/abs\/2607.01226\" target=\"_blank\" rel=\"noreferrer noopener sponsored nofollow\">divulgada em 1\u00ba de julho<\/a> apontou que a prefer\u00eancia por energia escura din\u00e2mica permanece quando diferentes extens\u00f5es do modelo cosmol\u00f3gico s\u00e3o consideradas.<\/p>\n<p>Nas estimativas mais otimistas do DESI, a prefer\u00eancia por um modelo din\u00e2mico chegou a uma confian\u00e7a de 99,995% \u2013 cerca de uma chance em vinte mil de ser mero acaso. No entanto, conforme explica Quint, a astronomia exige rigor ainda maior. \u201cFica abaixo da quase-certeza que os astr\u00f4nomos costumam exigir para declarar uma descoberta\u201d.<\/p>\n<figure class=\"wp-block-image size-large\"><img loading=\"lazy\" decoding=\"async\" width=\"897\" height=\"1024\" src=\"https:\/\/ilheusnews.com.br\/wp-content\/uploads\/2026\/08\/bruno-quint-897x1024-1.jpg\" alt=\"\" class=\"wp-image-853484\" srcset=\"https:\/\/img.odcdn.com.br\/wp-content\/uploads\/2024\/04\/bruno-quint-897x1024.jpg 897w, https:\/\/img.odcdn.com.br\/wp-content\/uploads\/2024\/04\/bruno-quint-263x300.jpg 263w, https:\/\/img.odcdn.com.br\/wp-content\/uploads\/2024\/04\/bruno-quint-768x876.jpg 768w, https:\/\/img.odcdn.com.br\/wp-content\/uploads\/2024\/04\/bruno-quint-150x171.jpg 150w, https:\/\/img.odcdn.com.br\/wp-content\/uploads\/2024\/04\/bruno-quint.jpg 1000w\" sizes=\"auto, (max-width: 897px) 100vw, 897px\"><figcaption class=\"wp-element-caption\">Bruno Quint, cientista de opera\u00e7\u00f5es e vice-chefe de suporte cient\u00edfico no Observat\u00f3rio Vera C. Rubin. \u2013 Cr\u00e9dito: Arquivo Pessoal<\/figcaption><\/figure>\n<p>Outro trabalho, disponibilizado para revis\u00e3o no <a href=\"https:\/\/arxiv.org\/abs\/2608.07654\" target=\"_blank\" rel=\"noreferrer noopener sponsored nofollow\">reposit\u00f3rio de pr\u00e9-impress\u00e3o <em>arXiv <\/em><\/a>em 7 de agosto, apresentou uma poss\u00edvel explica\u00e7\u00e3o adicional para parte da controv\u00e9rsia. Nils Sch\u00f6neberg, da Universidade Ludwig Maximilian de Munique e do Instituto Max Planck de F\u00edsica; Rodrigo Calder\u00f3n, da Universidade Ludwig Maximilian de Munique; e Julien Lesgourgues, da Universidade de Tecnologia de Munique e do Instituto Max Planck de F\u00edsica, todos na Alemanha, argumentam que solu\u00e7\u00f5es para a chamada tens\u00e3o de Hubble envolvendo a f\u00edsica do Universo primordial podem reduzir significativamente a evid\u00eancia atribu\u00edda \u00e0 energia escura din\u00e2mica.\u00a0<\/p>\n<p>O cen\u00e1rio, portanto, est\u00e1 longe de uma conclus\u00e3o definitiva. Os dados do DESI continuam mostrando uma anomalia interessante em rela\u00e7\u00e3o \u00e0 descri\u00e7\u00e3o mais simples do Universo, mas estudos independentes indicam que a for\u00e7a dessa evid\u00eancia depende de como os dados s\u00e3o combinados, calibrados e analisados.<\/p>\n<p>Por enquanto, a quest\u00e3o mais importante n\u00e3o \u00e9 saber se a energia escura \u201cacabou\u201d ou \u201cest\u00e1 enfraquecendo\u201d. \u00c9 descobrir se o sinal observado representa uma caracter\u00edstica real da expans\u00e3o c\u00f3smica ou uma combina\u00e7\u00e3o de efeitos estat\u00edsticos, sistem\u00e1ticos e escolhas de modelo.<\/p>\n<p>Novos dados ser\u00e3o fundamentais para esclarecer essa quest\u00e3o. Observat\u00f3rios como o Euclid, o Nancy Grace Roman e o Vera C. Rubin poder\u00e3o fornecer novas observa\u00e7\u00f5es da expans\u00e3o do Universo e ajudar a verificar se os diferentes conjuntos de dados apontam para a mesma conclus\u00e3o. \u201cTestar essa possibilidade \u2013 confrontar os diferentes efeitos e ver se eles concordam entre si \u2013 \u00e9 justamente uma das coisas que o Observat\u00f3rio Rubin foi feito para fazer\u201d, conclui Quint.<\/p>\n<p>O post <a href=\"https:\/\/olhardigital.com.br\/2026\/08\/18\/ciencia-e-espaco\/misterio-da-energia-escura-ganha-reviravolta\/\">Mist\u00e9rio da energia escura ganha reviravolta\u00a0<\/a> apareceu primeiro em <a href=\"https:\/\/olhardigital.com.br\/\">Olhar Digital<\/a>.<\/p>\n<\/div>\n","protected":false},"excerpt":{"rendered":"<p>Durante d\u00e9cadas, o modelo cosmol\u00f3gico padr\u00e3o tratou a energia escura como uma constante respons\u00e1vel por acelerar a expans\u00e3o do Universo. Resultados do Dark Energy Spectroscopic Instrument (DESI) divulgados em 2025, no entanto, abriram uma possibilidade intrigante: talvez esse componente misterioso n\u00e3o seja constante e esteja mudando ao longo do tempo. A segunda libera\u00e7\u00e3o de dados<\/p>\n","protected":false},"author":6,"featured_media":14211,"comment_status":"closed","ping_status":"closed","sticky":false,"template":"","format":"standard","meta":{"fifu_image_url":"https:\/\/olhardigital.com.br\/wp-content\/uploads\/2025\/03\/desi-1024x622.webp","fifu_image_alt":"Mist\u00e9rio da energia escura ganha reviravolta\u00a0","footnotes":""},"categories":[33],"tags":[],"class_list":["post-14210","post","type-post","status-publish","format-standard","has-post-thumbnail","hentry","category-noticias"],"_links":{"self":[{"href":"https:\/\/ilheusnews.com.br\/index.php?rest_route=\/wp\/v2\/posts\/14210","targetHints":{"allow":["GET"]}}],"collection":[{"href":"https:\/\/ilheusnews.com.br\/index.php?rest_route=\/wp\/v2\/posts"}],"about":[{"href":"https:\/\/ilheusnews.com.br\/index.php?rest_route=\/wp\/v2\/types\/post"}],"author":[{"embeddable":true,"href":"https:\/\/ilheusnews.com.br\/index.php?rest_route=\/wp\/v2\/users\/6"}],"replies":[{"embeddable":true,"href":"https:\/\/ilheusnews.com.br\/index.php?rest_route=%2Fwp%2Fv2%2Fcomments&post=14210"}],"version-history":[{"count":0,"href":"https:\/\/ilheusnews.com.br\/index.php?rest_route=\/wp\/v2\/posts\/14210\/revisions"}],"wp:featuredmedia":[{"embeddable":true,"href":"https:\/\/ilheusnews.com.br\/index.php?rest_route=\/wp\/v2\/media\/14211"}],"wp:attachment":[{"href":"https:\/\/ilheusnews.com.br\/index.php?rest_route=%2Fwp%2Fv2%2Fmedia&parent=14210"}],"wp:term":[{"taxonomy":"category","embeddable":true,"href":"https:\/\/ilheusnews.com.br\/index.php?rest_route=%2Fwp%2Fv2%2Fcategories&post=14210"},{"taxonomy":"post_tag","embeddable":true,"href":"https:\/\/ilheusnews.com.br\/index.php?rest_route=%2Fwp%2Fv2%2Ftags&post=14210"}],"curies":[{"name":"wp","href":"https:\/\/api.w.org\/{rel}","templated":true}]}}