{"id":14203,"date":"2026-08-18T18:01:04","date_gmt":"2026-08-18T21:01:04","guid":{"rendered":"https:\/\/ilheusnews.com.br\/?p=14203"},"modified":"2026-08-18T18:01:04","modified_gmt":"2026-08-18T21:01:04","slug":"cristovam-defende-carreira-nacional-para-professores","status":"publish","type":"post","link":"https:\/\/ilheusnews.com.br\/?p=14203","title":{"rendered":"Cristovam defende carreira nacional para professores"},"content":{"rendered":"<div>Oito anos depois de disputar uma elei\u00e7\u00e3o\u00a0\u2014 em 2018, quando tentou a reelei\u00e7\u00e3o ao Senado pelo Distrito Federal \u2014,\u00a0Cristovam Buarque (foto ilustra\u00e7\u00e3o) decidiu voltar \u00e0s urnas.\u00a0Aos 82 anos, o ex-governador do DF e ex-ministro da Educa\u00e7\u00e3o conta que dedicou esse per\u00edodo\u00a0integralmente \u00e0 escrita. Em 2026,\u00a0tenta uma vaga de deputado federal pelo PSB e integra a chapa de Ricardo Cappelli ao GDF. Ontem, em entrevista ao Podcast do\u00a0Correio, com as jornalistas Denise Rothenburg e Ana Maria Campos, Cristovam falou sobre propostas para a educa\u00e7\u00e3o brasileira e avaliou o cen\u00e1rio pol\u00edtico atual. Filiado ao\u00a0Partido dos Trabalhadores (PT)\u00a0desde 1990,\u00a0ele deixou a sigla em agosto de 2005, durante o governo de Luiz In\u00e1cio Lula da Silva e em meio \u00e0 crise do esc\u00e2ndalo do mensal\u00e3o. Na \u00e9poca, alegou diverg\u00eancias pol\u00edticas. \u201cMudei de sigla, n\u00e3o de partido. Meu partido \u00e9 por um Brasil que considera a educa\u00e7\u00e3o como vetor do progresso. Sou um \u2018educacionista\u2019, seja quais forem as siglas\u201d, explicou. O ex-ministro da Educa\u00e7\u00e3o\u00a0alegou\u00a0que deixou o PT quando percebeu que o partido havia perdido o \u201cvigor transformador\u201d. As mesmas palavras foram usadas por ele na \u00e9poca de desfilia\u00e7\u00e3o. \u201cO PT passou a ser um partido muito generoso na assist\u00eancia, mas n\u00e3o na transforma\u00e7\u00e3o, quando mudou da bolsa escola para o bolsa fam\u00edlia. A bolsa escola era um programa de transforma\u00e7\u00e3o pela educa\u00e7\u00e3o. J\u00e1 o bolsa fam\u00edlia n\u00e3o tira da pobreza\u201d, criticou. Professor aposentado da Universidade de Bras\u00edlia (UnB), Cristovam disputou a Presid\u00eancia da Rep\u00fablica uma vez, em 2006, pelo Partido Democr\u00e1tico Trabalhista (PDT), e alimentava o desejo de tirar do papel as ideias e propostas para a educa\u00e7\u00e3o. \u201cSomos respons\u00e1veis por cada crian\u00e7a que nasce. O governo federal tem responsabilidade pela erradica\u00e7\u00e3o do analfabetismo de adultos e pela implanta\u00e7\u00e3o de um sistema nacional, \u00fanico e p\u00fablico de educa\u00e7\u00e3o de base.\u201d Retorno Cristovam contou que n\u00e3o planejava voltar \u00e0 disputa eleitoral. Nos \u00faltimos oito anos,\u00a0escreveu\u00a010 livros e mant\u00e9m outros trabalhos em andamento, mas a\u00a0mudan\u00e7a de planos,\u00a0de acordo com ele, veio ap\u00f3s cobran\u00e7as para o retorno \u00e0 pol\u00edtica e por uma percep\u00e7\u00e3o natural de que a direita vinha ocupando espa\u00e7o na capital federal. \u201cO pessoal falava que eu me omitia, mas agora ningu\u00e9m pode dizer isso.\u201d (correiobraziliense)<\/div>\n","protected":false},"excerpt":{"rendered":"<p>Oito anos depois de disputar uma elei\u00e7\u00e3o\u00a0\u2014 em 2018, quando tentou a reelei\u00e7\u00e3o ao Senado pelo Distrito Federal \u2014,\u00a0Cristovam Buarque (foto ilustra\u00e7\u00e3o) decidiu voltar \u00e0s urnas.\u00a0Aos 82 anos, o ex-governador do DF e ex-ministro da Educa\u00e7\u00e3o conta que dedicou esse per\u00edodo\u00a0integralmente \u00e0 escrita. Em 2026,\u00a0tenta uma vaga de deputado federal pelo PSB e integra a<\/p>\n","protected":false},"author":8,"featured_media":0,"comment_status":"closed","ping_status":"closed","sticky":false,"template":"","format":"standard","meta":{"fifu_image_url":"","fifu_image_alt":"","footnotes":""},"categories":[33],"tags":[],"class_list":["post-14203","post","type-post","status-publish","format-standard","hentry","category-noticias"],"_links":{"self":[{"href":"https:\/\/ilheusnews.com.br\/index.php?rest_route=\/wp\/v2\/posts\/14203","targetHints":{"allow":["GET"]}}],"collection":[{"href":"https:\/\/ilheusnews.com.br\/index.php?rest_route=\/wp\/v2\/posts"}],"about":[{"href":"https:\/\/ilheusnews.com.br\/index.php?rest_route=\/wp\/v2\/types\/post"}],"author":[{"embeddable":true,"href":"https:\/\/ilheusnews.com.br\/index.php?rest_route=\/wp\/v2\/users\/8"}],"replies":[{"embeddable":true,"href":"https:\/\/ilheusnews.com.br\/index.php?rest_route=%2Fwp%2Fv2%2Fcomments&post=14203"}],"version-history":[{"count":0,"href":"https:\/\/ilheusnews.com.br\/index.php?rest_route=\/wp\/v2\/posts\/14203\/revisions"}],"wp:attachment":[{"href":"https:\/\/ilheusnews.com.br\/index.php?rest_route=%2Fwp%2Fv2%2Fmedia&parent=14203"}],"wp:term":[{"taxonomy":"category","embeddable":true,"href":"https:\/\/ilheusnews.com.br\/index.php?rest_route=%2Fwp%2Fv2%2Fcategories&post=14203"},{"taxonomy":"post_tag","embeddable":true,"href":"https:\/\/ilheusnews.com.br\/index.php?rest_route=%2Fwp%2Fv2%2Ftags&post=14203"}],"curies":[{"name":"wp","href":"https:\/\/api.w.org\/{rel}","templated":true}]}}