{"id":14202,"date":"2026-08-18T18:00:58","date_gmt":"2026-08-18T21:00:58","guid":{"rendered":"https:\/\/ilheusnews.com.br\/?p=14202"},"modified":"2026-08-18T18:00:58","modified_gmt":"2026-08-18T21:00:58","slug":"vistoria-nos-taxis-e-suspensa-pela-semob","status":"publish","type":"post","link":"https:\/\/ilheusnews.com.br\/?p=14202","title":{"rendered":"Vistoria nos taxis \u00e9 suspensa pela Semob"},"content":{"rendered":"<div>A Secretaria de Mobilidade Urbana (Semob) suspendeu, em car\u00e1ter excepcional, o in\u00edcio das vistorias t\u00e9cnicas bienais dos t\u00e1xis de Feira de Santana, que estava marcado para esta segunda-feira (17). (Foto ilustra\u00e7\u00e3o) A Semob ainda n\u00e3o definiu o novo per\u00edodo para a realiza\u00e7\u00e3o das vistorias, mas o servi\u00e7o ser\u00e1 realizado ainda neste ano. A frota local \u00e9 formada por mais de 1,3 mil ve\u00edculos. Para adiar a fiscaliza\u00e7\u00e3o, foi levado em considera\u00e7\u00e3o \u201co interesse p\u00fablico na garantia da regularidade dos servi\u00e7os de transporte do modal t\u00e1xi\u201d, bem como a necessidade de assegurar tempo h\u00e1bil para o pleno atendimento dos autorizat\u00e1rios, sem preju\u00edzo \u00e0 popula\u00e7\u00e3o. Enquanto isso, fica assegurada a validade das vistorias anteriores e a regularidade provis\u00f3ria dos ve\u00edculos cadastrados junto ao Munic\u00edpio, at\u00e9 que o novo calend\u00e1rio seja oficialmente publicado. (Secom)<\/div>\n","protected":false},"excerpt":{"rendered":"<p>A Secretaria de Mobilidade Urbana (Semob) suspendeu, em car\u00e1ter excepcional, o in\u00edcio das vistorias t\u00e9cnicas bienais dos t\u00e1xis de Feira de Santana, que estava marcado para esta segunda-feira (17). (Foto ilustra\u00e7\u00e3o) A Semob ainda n\u00e3o definiu o novo per\u00edodo para a realiza\u00e7\u00e3o das vistorias, mas o servi\u00e7o ser\u00e1 realizado ainda neste ano. A frota local<\/p>\n","protected":false},"author":8,"featured_media":0,"comment_status":"closed","ping_status":"closed","sticky":false,"template":"","format":"standard","meta":{"fifu_image_url":"","fifu_image_alt":"","footnotes":""},"categories":[33],"tags":[],"class_list":["post-14202","post","type-post","status-publish","format-standard","hentry","category-noticias"],"_links":{"self":[{"href":"https:\/\/ilheusnews.com.br\/index.php?rest_route=\/wp\/v2\/posts\/14202","targetHints":{"allow":["GET"]}}],"collection":[{"href":"https:\/\/ilheusnews.com.br\/index.php?rest_route=\/wp\/v2\/posts"}],"about":[{"href":"https:\/\/ilheusnews.com.br\/index.php?rest_route=\/wp\/v2\/types\/post"}],"author":[{"embeddable":true,"href":"https:\/\/ilheusnews.com.br\/index.php?rest_route=\/wp\/v2\/users\/8"}],"replies":[{"embeddable":true,"href":"https:\/\/ilheusnews.com.br\/index.php?rest_route=%2Fwp%2Fv2%2Fcomments&post=14202"}],"version-history":[{"count":0,"href":"https:\/\/ilheusnews.com.br\/index.php?rest_route=\/wp\/v2\/posts\/14202\/revisions"}],"wp:attachment":[{"href":"https:\/\/ilheusnews.com.br\/index.php?rest_route=%2Fwp%2Fv2%2Fmedia&parent=14202"}],"wp:term":[{"taxonomy":"category","embeddable":true,"href":"https:\/\/ilheusnews.com.br\/index.php?rest_route=%2Fwp%2Fv2%2Fcategories&post=14202"},{"taxonomy":"post_tag","embeddable":true,"href":"https:\/\/ilheusnews.com.br\/index.php?rest_route=%2Fwp%2Fv2%2Ftags&post=14202"}],"curies":[{"name":"wp","href":"https:\/\/api.w.org\/{rel}","templated":true}]}}