{"id":14185,"date":"2026-08-18T12:01:30","date_gmt":"2026-08-18T15:01:30","guid":{"rendered":"https:\/\/ilheusnews.com.br\/?p=14185"},"modified":"2026-08-18T12:01:30","modified_gmt":"2026-08-18T15:01:30","slug":"nasa-e-esa-registraram-o-eclipse-solar-de-agosto-do-espaco-incluindo-um-duplo-eclipse-inedito","status":"publish","type":"post","link":"https:\/\/ilheusnews.com.br\/?p=14185","title":{"rendered":"NASA e ESA registraram o eclipse solar de agosto do espa\u00e7o \u2013 incluindo um duplo eclipse in\u00e9dito"},"content":{"rendered":"<div>\n<p>O eclipse solar total de 12 de agosto n\u00e3o foi visto apenas por quem estava no caminho da totalidade em Groenl\u00e2ndia, Isl\u00e2ndia e Espanha. Uma s\u00e9rie de espa\u00e7onaves em \u00f3rbita da Terra capturou o fen\u00f4meno de perspectivas \u00fanicas, incluindo um momento in\u00e9dito registrado pela miss\u00e3o europeia Proba-3, segundo o <a href=\"https:\/\/www.space.com\/stargazing\/solar-eclipses\/see-gorgeous-views-of-the-aug-12-total-solar-eclipse-captured-from-space\" target=\"_blank\" rel=\"noreferrer noopener\">Space.com<\/a>.<\/p>\n<h2 class=\"wp-block-heading\" id=\"h-da-estacao-espacial-internacional\">Da Esta\u00e7\u00e3o Espacial Internacional<\/h2>\n<p>A astronauta da NASA Jessica Meir fotografou a Lua \u201cmordendo\u201d o Sol a partir do segmento russo da ISS. Por causa da posi\u00e7\u00e3o da esta\u00e7\u00e3o no momento do eclipse, a cobertura foi parcial, com pico de cerca de 18% do Sol encoberto.<\/p>\n<p>\u201cDada a localiza\u00e7\u00e3o da esta\u00e7\u00e3o espacial no momento do eclipse solar total de hoje, vimos apenas um eclipse parcial, com pico de cerca de 18% de cobertura do Sol\u201d, disse Meir em publica\u00e7\u00e3o no X.<\/p>\n<figure class=\"wp-block-embed is-type-rich is-provider-x wp-block-embed-x\">\n<div class=\"wp-block-embed__wrapper\">\n<blockquote class=\"twitter-tweet\" data-width=\"500\" data-dnt=\"true\">\n<p lang=\"en\" dir=\"ltr\">Given the location of the <a href=\"https:\/\/x.com\/Space_Station?ref_src=twsrc%5Etfw\">@Space_Station<\/a> at the time of the total solar eclipse today, we saw only a partial eclipse, with a peak of around 18% sun coverage.  Here\u2019s how it looked from a window in the Russian segment about 45 minutes ago. Photo of the sun taken with a Nikon Z9,\u2026 <a href=\"https:\/\/t.co\/BUrMQVR808\">pic.twitter.com\/BUrMQVR808<\/a><\/p>\n<p>\u2014 Jessica Meir (@Astro_Jessica) <a href=\"https:\/\/x.com\/Astro_Jessica\/status\/2087601631349101035?ref_src=twsrc%5Etfw\">August 12, 2026<\/a><\/p><\/blockquote>\n<p><script async src=\"https:\/\/platform.x.com\/widgets.js\" charset=\"utf-8\"><\/script>\n<\/div>\n<\/figure>\n<p>Quase no mesmo momento, o fot\u00f3grafo Joel Kowsky conseguiu enquadrar a ISS passando na frente do Sol eclipsado, fotografada dos c\u00e9us sobre Hodgdon, no estado americano do Maine.<\/p>\n<h2 class=\"wp-block-heading\" id=\"h-o-duplo-eclipse-inedito-da-proba-3\">O duplo eclipse in\u00e9dito da Proba-3<\/h2>\n<p>O momento mais surpreendente do dia veio da miss\u00e3o Proba-3 da ESA, composta por duas espa\u00e7onaves que voam em forma\u00e7\u00e3o perfeita, alinhadas com o Sol.<\/p>\n<p>A espa\u00e7onave mais pr\u00f3xima do Sol carrega um coron\u00f3grafo \u2013 um escudo solar artificial que bloqueia o disco da estrela para a segunda espa\u00e7onave, permitindo imagens detalhadas da coroa solar.<\/p>\n<figure class=\"wp-block-embed is-type-rich is-provider-incorporar-manipulador wp-block-embed-incorporar-manipulador wp-embed-aspect-16-9 wp-has-aspect-ratio\">\n<div class=\"wp-block-embed__wrapper\">\n<iframe loading=\"lazy\" title=\"A double eclipse for Proba-3\" width=\"500\" height=\"281\" src=\"https:\/\/www.youtube.com\/embed\/FnsNvE8cZhk?feature=oembed\" frameborder=\"0\" allow=\"accelerometer; autoplay; clipboard-write; encrypted-media; gyroscope; picture-in-picture; web-share\" referrerpolicy=\"strict-origin-when-cross-origin\" allowfullscreen><\/iframe>\n<\/div>\n<\/figure>\n<p>Em 12 de agosto, por um breve momento, a Lua e o coron\u00f3grafo artificial da Proba-3 esconderam simultaneamente a luz do Sol. O resultado foi um duplo eclipse (um natural e um artificial) registrado pela primeira vez na hist\u00f3ria.<\/p>\n<h2 class=\"wp-block-heading\" id=\"h-a-sombra-vista-do-espaco\">A sombra vista do espa\u00e7o<\/h2>\n<p>O sat\u00e9lite Meteosat Third Generation Imager (MTG-I1) da ESA, posicionado a cerca de 36.000 km acima da superf\u00edcie terrestre, capturou a sombra da Lua percorrendo o planeta, arqueando para o sul antes de se fundir com a linha do terminador, que marca a transi\u00e7\u00e3o entre o dia e a noite.<\/p>\n<figure class=\"wp-block-embed is-type-rich is-provider-x wp-block-embed-x\">\n<div class=\"wp-block-embed__wrapper\">\n<blockquote class=\"twitter-tweet\" data-width=\"500\" data-dnt=\"true\">\n<p lang=\"en\" dir=\"ltr\">Solar eclipse as seen from space! <\/p>\n<p>From its vantage point in space, the Meteosat Third Generation Imager satellite (MTG-I1) captured the Moon\u2019s dark shadow as it passed over Earth\u2019s surface \u2013 converging with the advancing twilight shadow as dusk  fell over Europe.\u2026 <a href=\"https:\/\/t.co\/dAQVyuXiIP\">pic.twitter.com\/dAQVyuXiIP<\/a><\/p>\n<p>\u2014 European Space Agency (@esa) <a href=\"https:\/\/x.com\/esa\/status\/2087826509029396743?ref_src=twsrc%5Etfw\">August 13, 2026<\/a><\/p><\/blockquote>\n<p><script async src=\"https:\/\/platform.x.com\/widgets.js\" charset=\"utf-8\"><\/script>\n<\/div>\n<\/figure>\n<p>O mesmo fen\u00f4meno foi registrado pelo sat\u00e9lite GOES-19 da ag\u00eancia americana NOAA, que monitora a Terra a partir de \u00f3rbita geoestacion\u00e1ria.<\/p>\n<figure class=\"wp-block-embed is-type-rich is-provider-x wp-block-embed-x\">\n<div class=\"wp-block-embed__wrapper\">\n<blockquote class=\"twitter-tweet\" data-width=\"500\" data-dnt=\"true\">\n<p lang=\"en\" dir=\"ltr\">This <a href=\"https:\/\/x.com\/hashtag\/FullDiskFriday?src=hash&amp;ref_src=twsrc%5Etfw\">#FullDiskFriday<\/a>, we revisit the <a href=\"https:\/\/x.com\/hashtag\/totalsolareclipse?src=hash&amp;ref_src=twsrc%5Etfw\">#totalsolareclipse<\/a> that <a href=\"https:\/\/x.com\/NOAA?ref_src=twsrc%5Etfw\">@NOAA<\/a>\u2019s <a href=\"https:\/\/x.com\/hashtag\/GOESEast?src=hash&amp;ref_src=twsrc%5Etfw\">#GOESEast<\/a> (<a href=\"https:\/\/x.com\/hashtag\/GOES19?src=hash&amp;ref_src=twsrc%5Etfw\">#GOES19<\/a>) \ud83d\udef0\ufe0f captured on August 12, 2026. <\/p>\n<p>The moon moved directly between the Earth and sun, casting a shadow that travelled over Greenland, Iceland and Spain. Millions of people in this path of\u2026 <a href=\"https:\/\/t.co\/y9nyXkpvs1\">pic.twitter.com\/y9nyXkpvs1<\/a><\/p>\n<p>\u2014 NOAA Satellites (@NOAASatellites) <a href=\"https:\/\/x.com\/NOAASatellites\/status\/2088341686317654398?ref_src=twsrc%5Etfw\">August 14, 2026<\/a><\/p><\/blockquote>\n<p><script async src=\"https:\/\/platform.x.com\/widgets.js\" charset=\"utf-8\"><\/script>\n<\/div>\n<\/figure>\n<p>O post <a href=\"https:\/\/olhardigital.com.br\/2026\/08\/18\/ciencia-e-espaco\/nasa-e-esa-registraram-o-eclipse-solar-de-agosto-do-espaco-incluindo-um-duplo-eclipse-inedito\/\">NASA e ESA registraram o eclipse solar de agosto do espa\u00e7o \u2013 incluindo um duplo eclipse in\u00e9dito<\/a> apareceu primeiro em <a href=\"https:\/\/olhardigital.com.br\/\">Olhar Digital<\/a>.<\/p>\n<\/div>\n","protected":false},"excerpt":{"rendered":"<p>O eclipse solar total de 12 de agosto n\u00e3o foi visto apenas por quem estava no caminho da totalidade em Groenl\u00e2ndia, Isl\u00e2ndia e Espanha. Uma s\u00e9rie de espa\u00e7onaves em \u00f3rbita da Terra capturou o fen\u00f4meno de perspectivas \u00fanicas, incluindo um momento in\u00e9dito registrado pela miss\u00e3o europeia Proba-3, segundo o Space.com. Da Esta\u00e7\u00e3o Espacial Internacional A<\/p>\n","protected":false},"author":6,"featured_media":0,"comment_status":"closed","ping_status":"closed","sticky":false,"template":"","format":"standard","meta":{"fifu_image_url":"","fifu_image_alt":"","footnotes":""},"categories":[33],"tags":[],"class_list":["post-14185","post","type-post","status-publish","format-standard","hentry","category-noticias"],"_links":{"self":[{"href":"https:\/\/ilheusnews.com.br\/index.php?rest_route=\/wp\/v2\/posts\/14185","targetHints":{"allow":["GET"]}}],"collection":[{"href":"https:\/\/ilheusnews.com.br\/index.php?rest_route=\/wp\/v2\/posts"}],"about":[{"href":"https:\/\/ilheusnews.com.br\/index.php?rest_route=\/wp\/v2\/types\/post"}],"author":[{"embeddable":true,"href":"https:\/\/ilheusnews.com.br\/index.php?rest_route=\/wp\/v2\/users\/6"}],"replies":[{"embeddable":true,"href":"https:\/\/ilheusnews.com.br\/index.php?rest_route=%2Fwp%2Fv2%2Fcomments&post=14185"}],"version-history":[{"count":0,"href":"https:\/\/ilheusnews.com.br\/index.php?rest_route=\/wp\/v2\/posts\/14185\/revisions"}],"wp:attachment":[{"href":"https:\/\/ilheusnews.com.br\/index.php?rest_route=%2Fwp%2Fv2%2Fmedia&parent=14185"}],"wp:term":[{"taxonomy":"category","embeddable":true,"href":"https:\/\/ilheusnews.com.br\/index.php?rest_route=%2Fwp%2Fv2%2Fcategories&post=14185"},{"taxonomy":"post_tag","embeddable":true,"href":"https:\/\/ilheusnews.com.br\/index.php?rest_route=%2Fwp%2Fv2%2Ftags&post=14185"}],"curies":[{"name":"wp","href":"https:\/\/api.w.org\/{rel}","templated":true}]}}