{"id":14179,"date":"2026-08-18T12:01:28","date_gmt":"2026-08-18T15:01:28","guid":{"rendered":"https:\/\/ilheusnews.com.br\/?p=14179"},"modified":"2026-08-18T12:01:28","modified_gmt":"2026-08-18T15:01:28","slug":"cruz-das-almas-expocruz-2026-abre-recadastramento-para-expositores-e-barraqueiros-da-area-de-shows","status":"publish","type":"post","link":"https:\/\/ilheusnews.com.br\/?p=14179","title":{"rendered":"Cruz das Almas: ExpoCruz 2026 abre recadastramento para expositores e barraqueiros da \u00e1rea de shows"},"content":{"rendered":"<div>A Prefeitura de Cruz realiza, entre os dias 24 e 28 de agosto, o recadastramento de expositores e barraqueiros que ir\u00e3o atuar na ExpoCruz 2026. (Foto ilustra\u00e7\u00e3o) O atendimento ser\u00e1 realizado das 8h \u00e0s 12h e das 14h \u00e0s 17h. Para efetuar o recadastramento, \u00e9 necess\u00e1rio apresentar RG, CPF e comprovante de resid\u00eancia. Os expositores que desejam renovar a participa\u00e7\u00e3o na edi\u00e7\u00e3o deste ano devem comparecer \u00e0 Secretaria de Agricultura e Meio Ambiente, localizada na Rua Ant\u00f4nio Carlos Brito, s\/n, bairro Ana L\u00facia, ao lado da f\u00e1brica Bibi Cal\u00e7ados. J\u00e1 os barraqueiros da \u00e1rea de shows devem realizar o procedimento na Secretaria de Servi\u00e7os P\u00fablicos, no Centro Administrativo, localizado na Rua L\u00e9lia Passos, s\/n, Parque Suma\u00fama, bairro Lauro Passos, 1\u00ba andar. Segundo o vice-prefeito e coordenador-geral da ExpoCruz, Roni Carvalho, o recadastramento contribui para o planejamento e a organiza\u00e7\u00e3o de toda a estrutura do evento. \u201cA ExpoCruz cresce a cada edi\u00e7\u00e3o. O recadastramento nos permite planejar os espa\u00e7os e preparar uma feira cada vez mais estruturada, valorizando quem empreende, gera renda e movimenta a economia de Cruz das Almas\u201d, destacou Roni. A ExpoCruz 2026 acontece de 24 a 27 de setembro, na Pra\u00e7a Senador Tem\u00edstocles, e re\u00fane empreendedorismo, neg\u00f3cios, oportunidades e entretenimento, fortalecendo a economia local e criando um importante espa\u00e7o para divulga\u00e7\u00e3o e comercializa\u00e7\u00e3o de produtos e servi\u00e7os. (Ascom\/PMCA)<\/div>\n","protected":false},"excerpt":{"rendered":"<p>A Prefeitura de Cruz realiza, entre os dias 24 e 28 de agosto, o recadastramento de expositores e barraqueiros que ir\u00e3o atuar na ExpoCruz 2026. (Foto ilustra\u00e7\u00e3o) O atendimento ser\u00e1 realizado das 8h \u00e0s 12h e das 14h \u00e0s 17h. Para efetuar o recadastramento, \u00e9 necess\u00e1rio apresentar RG, CPF e comprovante de resid\u00eancia. Os expositores<\/p>\n","protected":false},"author":8,"featured_media":0,"comment_status":"closed","ping_status":"closed","sticky":false,"template":"","format":"standard","meta":{"fifu_image_url":"","fifu_image_alt":"","footnotes":""},"categories":[33],"tags":[],"class_list":["post-14179","post","type-post","status-publish","format-standard","hentry","category-noticias"],"_links":{"self":[{"href":"https:\/\/ilheusnews.com.br\/index.php?rest_route=\/wp\/v2\/posts\/14179","targetHints":{"allow":["GET"]}}],"collection":[{"href":"https:\/\/ilheusnews.com.br\/index.php?rest_route=\/wp\/v2\/posts"}],"about":[{"href":"https:\/\/ilheusnews.com.br\/index.php?rest_route=\/wp\/v2\/types\/post"}],"author":[{"embeddable":true,"href":"https:\/\/ilheusnews.com.br\/index.php?rest_route=\/wp\/v2\/users\/8"}],"replies":[{"embeddable":true,"href":"https:\/\/ilheusnews.com.br\/index.php?rest_route=%2Fwp%2Fv2%2Fcomments&post=14179"}],"version-history":[{"count":0,"href":"https:\/\/ilheusnews.com.br\/index.php?rest_route=\/wp\/v2\/posts\/14179\/revisions"}],"wp:attachment":[{"href":"https:\/\/ilheusnews.com.br\/index.php?rest_route=%2Fwp%2Fv2%2Fmedia&parent=14179"}],"wp:term":[{"taxonomy":"category","embeddable":true,"href":"https:\/\/ilheusnews.com.br\/index.php?rest_route=%2Fwp%2Fv2%2Fcategories&post=14179"},{"taxonomy":"post_tag","embeddable":true,"href":"https:\/\/ilheusnews.com.br\/index.php?rest_route=%2Fwp%2Fv2%2Ftags&post=14179"}],"curies":[{"name":"wp","href":"https:\/\/api.w.org\/{rel}","templated":true}]}}