{"id":14177,"date":"2026-08-18T12:01:24","date_gmt":"2026-08-18T15:01:24","guid":{"rendered":"https:\/\/ilheusnews.com.br\/?p=14177"},"modified":"2026-08-18T12:01:24","modified_gmt":"2026-08-18T15:01:24","slug":"dayane-pimentel-reforca-apoio-de-acm-neto-e-jose-ronaldo-em-evento-da-juventude","status":"publish","type":"post","link":"https:\/\/ilheusnews.com.br\/?p=14177","title":{"rendered":"Dayane Pimentel refor\u00e7a apoio de ACM Neto e Jos\u00e9 Ronaldo em evento da Juventude"},"content":{"rendered":"<div>A presen\u00e7a de Dayane Pimentel (Uni\u00e3o Brasil) no evento da Juventude de ACM Neto, nesta segunda-feira (17), em Feira de Santana, evidenciou a proximidade pol\u00edtica da candidata a deputada federal com duas das principais lideran\u00e7as da oposi\u00e7\u00e3o na Bahia. Ao lado de ACM Neto, candidato ao Governo da Bahia, e de Jos\u00e9 Ronaldo, Dayane refor\u00e7ou uma alian\u00e7a que coloca seu nome entre as apostas do grupo para a C\u00e2mara dos Deputados. (Foto ilustra\u00e7\u00e3o) A rela\u00e7\u00e3o com ACM Neto e Jos\u00e9 Ronaldo ganha peso justamente em Feira de Santana, principal base pol\u00edtica de Jos\u00e9 Ronaldo e uma das cidades estrat\u00e9gicas para a disputa eleitoral de 2026. O apoio dos dois l\u00edderes \u00e0 candidatura de Dayane representa a constru\u00e7\u00e3o de um palanque pol\u00edtico com for\u00e7a local e estadual para sua campanha rumo a Bras\u00edlia. No encontro, Dayane tamb\u00e9m mostrou sintonia com a juventude e com pautas que fazem parte do campo pol\u00edtico da direita, defendendo valores como liberdade, responsabilidade, seguran\u00e7a e respeito \u00e0s escolhas individuais. A proximidade com ACM Neto e Jos\u00e9 Ronaldo refor\u00e7a sua posi\u00e7\u00e3o como um nome do Uni\u00e3o Brasil que busca dialogar com uma nova gera\u00e7\u00e3o de eleitores e ampliar sua presen\u00e7a na C\u00e2mara Federal. (Da Reda\u00e7\u00e3o)<\/div>\n","protected":false},"excerpt":{"rendered":"<p>A presen\u00e7a de Dayane Pimentel (Uni\u00e3o Brasil) no evento da Juventude de ACM Neto, nesta segunda-feira (17), em Feira de Santana, evidenciou a proximidade pol\u00edtica da candidata a deputada federal com duas das principais lideran\u00e7as da oposi\u00e7\u00e3o na Bahia. Ao lado de ACM Neto, candidato ao Governo da Bahia, e de Jos\u00e9 Ronaldo, Dayane refor\u00e7ou<\/p>\n","protected":false},"author":8,"featured_media":0,"comment_status":"closed","ping_status":"closed","sticky":false,"template":"","format":"standard","meta":{"fifu_image_url":"","fifu_image_alt":"","footnotes":""},"categories":[33],"tags":[],"class_list":["post-14177","post","type-post","status-publish","format-standard","hentry","category-noticias"],"_links":{"self":[{"href":"https:\/\/ilheusnews.com.br\/index.php?rest_route=\/wp\/v2\/posts\/14177","targetHints":{"allow":["GET"]}}],"collection":[{"href":"https:\/\/ilheusnews.com.br\/index.php?rest_route=\/wp\/v2\/posts"}],"about":[{"href":"https:\/\/ilheusnews.com.br\/index.php?rest_route=\/wp\/v2\/types\/post"}],"author":[{"embeddable":true,"href":"https:\/\/ilheusnews.com.br\/index.php?rest_route=\/wp\/v2\/users\/8"}],"replies":[{"embeddable":true,"href":"https:\/\/ilheusnews.com.br\/index.php?rest_route=%2Fwp%2Fv2%2Fcomments&post=14177"}],"version-history":[{"count":0,"href":"https:\/\/ilheusnews.com.br\/index.php?rest_route=\/wp\/v2\/posts\/14177\/revisions"}],"wp:attachment":[{"href":"https:\/\/ilheusnews.com.br\/index.php?rest_route=%2Fwp%2Fv2%2Fmedia&parent=14177"}],"wp:term":[{"taxonomy":"category","embeddable":true,"href":"https:\/\/ilheusnews.com.br\/index.php?rest_route=%2Fwp%2Fv2%2Fcategories&post=14177"},{"taxonomy":"post_tag","embeddable":true,"href":"https:\/\/ilheusnews.com.br\/index.php?rest_route=%2Fwp%2Fv2%2Ftags&post=14177"}],"curies":[{"name":"wp","href":"https:\/\/api.w.org\/{rel}","templated":true}]}}