{"id":14176,"date":"2026-08-18T12:01:21","date_gmt":"2026-08-18T15:01:21","guid":{"rendered":"https:\/\/ilheusnews.com.br\/?p=14176"},"modified":"2026-08-18T12:01:21","modified_gmt":"2026-08-18T15:01:21","slug":"no-evento-de-acm-neto-colbert-defende-mais-forca-para-feira-na-assembleia","status":"publish","type":"post","link":"https:\/\/ilheusnews.com.br\/?p=14176","title":{"rendered":"No evento de ACM Neto, Colbert defende mais for\u00e7a para Feira na Assembleia"},"content":{"rendered":"<div>Durante o evento com ACM Neto, realizado em Feira de Santana, Colbert (PSDB \u2013 foto ilustra\u00e7\u00e3o) voltou a defender uma maior representa\u00e7\u00e3o do munic\u00edpio na Assembleia Legislativa da Bahia. Colbert \u00e9 candidato a deputado estadual.\u00a0 Segundo ele, Feira precisa eleger deputados estaduais comprometidos com as demandas da cidade e com disposi\u00e7\u00e3o para defender seus interesses nas decis\u00f5es do Estado. Para Colbert, uma representa\u00e7\u00e3o mais forte na Alba \u00e9 fundamental para ampliar a capacidade de Feira de Santana de buscar investimentos, cobrar resultados e colocar suas principais necessidades na agenda estadual. Sa\u00fade, seguran\u00e7a, infraestrutura e mobilidade est\u00e3o entre as \u00e1reas que, na avalia\u00e7\u00e3o dele, precisam de uma atua\u00e7\u00e3o pol\u00edtica mais firme em defesa do munic\u00edpio. No encontro, Colbert tamb\u00e9m refor\u00e7ou sua defesa de uma mudan\u00e7a no Governo da Bahia e destacou uma ideia que vem marcando sua caminhada: \u201cuma Bahia forte passa por uma Feira forte\u201d. Para ele, fortalecer a cidade passa necessariamente por ampliar sua representatividade pol\u00edtica e eleger deputados capazes de levar a voz de Feira para o centro das decis\u00f5es estaduais. (Da Reda\u00e7\u00e3o)<\/div>\n","protected":false},"excerpt":{"rendered":"<p>Durante o evento com ACM Neto, realizado em Feira de Santana, Colbert (PSDB \u2013 foto ilustra\u00e7\u00e3o) voltou a defender uma maior representa\u00e7\u00e3o do munic\u00edpio na Assembleia Legislativa da Bahia. Colbert \u00e9 candidato a deputado estadual.\u00a0 Segundo ele, Feira precisa eleger deputados estaduais comprometidos com as demandas da cidade e com disposi\u00e7\u00e3o para defender seus interesses<\/p>\n","protected":false},"author":8,"featured_media":0,"comment_status":"closed","ping_status":"closed","sticky":false,"template":"","format":"standard","meta":{"fifu_image_url":"","fifu_image_alt":"","footnotes":""},"categories":[33],"tags":[],"class_list":["post-14176","post","type-post","status-publish","format-standard","hentry","category-noticias"],"_links":{"self":[{"href":"https:\/\/ilheusnews.com.br\/index.php?rest_route=\/wp\/v2\/posts\/14176","targetHints":{"allow":["GET"]}}],"collection":[{"href":"https:\/\/ilheusnews.com.br\/index.php?rest_route=\/wp\/v2\/posts"}],"about":[{"href":"https:\/\/ilheusnews.com.br\/index.php?rest_route=\/wp\/v2\/types\/post"}],"author":[{"embeddable":true,"href":"https:\/\/ilheusnews.com.br\/index.php?rest_route=\/wp\/v2\/users\/8"}],"replies":[{"embeddable":true,"href":"https:\/\/ilheusnews.com.br\/index.php?rest_route=%2Fwp%2Fv2%2Fcomments&post=14176"}],"version-history":[{"count":0,"href":"https:\/\/ilheusnews.com.br\/index.php?rest_route=\/wp\/v2\/posts\/14176\/revisions"}],"wp:attachment":[{"href":"https:\/\/ilheusnews.com.br\/index.php?rest_route=%2Fwp%2Fv2%2Fmedia&parent=14176"}],"wp:term":[{"taxonomy":"category","embeddable":true,"href":"https:\/\/ilheusnews.com.br\/index.php?rest_route=%2Fwp%2Fv2%2Fcategories&post=14176"},{"taxonomy":"post_tag","embeddable":true,"href":"https:\/\/ilheusnews.com.br\/index.php?rest_route=%2Fwp%2Fv2%2Ftags&post=14176"}],"curies":[{"name":"wp","href":"https:\/\/api.w.org\/{rel}","templated":true}]}}