{"id":14165,"date":"2026-08-18T06:00:38","date_gmt":"2026-08-18T09:00:38","guid":{"rendered":"https:\/\/ilheusnews.com.br\/?p=14165"},"modified":"2026-08-18T06:00:38","modified_gmt":"2026-08-18T09:00:38","slug":"uesb-abre-inscricoes-e-pedidos-de-isencao-do-vestibular-2027","status":"publish","type":"post","link":"https:\/\/ilheusnews.com.br\/?p=14165","title":{"rendered":"UESB abre inscri\u00e7\u00f5es e pedidos de isen\u00e7\u00e3o do vestibular 2027"},"content":{"rendered":"<div>At\u00e9 30 de setembro, est\u00e3o abertas as inscri\u00e7\u00f5es do Vestibular UESB 2027. Com mais de mil vagas dispon\u00edveis, a sele\u00e7\u00e3o oferta oportunidade de forma\u00e7\u00e3o em 47 cursos de gradua\u00e7\u00e3o, distribu\u00eddos nos campi de Itapetinga, Jequi\u00e9 e Vit\u00f3ria da Conquista. Neste ano, as provas ser\u00e3o aplicadas nos dias 22 e 23 de novembro. (Foto ilustra\u00e7\u00e3o) Todo o processo seletivo \u00e9 regulamentado pelo Edital n\u00b0 237\/2026 e as vagas s\u00e3o destinadas para o primeiro e segundo per\u00edodo letivo de 2027. Os interessados devem se inscrever pelo site do Instituto Avalia, banca respons\u00e1vel pela sele\u00e7\u00e3o. Em seguida, \u00e9 necess\u00e1rio emitir o boleto da taxa de inscri\u00e7\u00e3o, no valor de R$ 110,00, e realizar o pagamento at\u00e9 o dia 1\u00ba de outubro. Na inscri\u00e7\u00e3o, o candidato deve escolher sua modalidade de concorr\u00eancia, optando entre \u201cAmpla Concorr\u00eancia\u201d e \u201cReserva de Vagas\u201d (destinada a quem estudou do 6\u00ba ano do Ensino Fundamental ao Ensino M\u00e9dio em escola p\u00fablica, com 70% das vagas para pretos e pardos).\u00a0 A novidade, deste ano, \u00e9 que os estudantes que optarem pela \u201cReserva de Vagas\u201d concorrem primeiro na \u201cAmpla Concorr\u00eancia\u201d e s\u00f3 utilizam a vaga reservada caso seja necess\u00e1rio. Ap\u00f3s a aprova\u00e7\u00e3o pela cota racial, os candidatos ainda passar\u00e3o por uma banca de heteroidentifica\u00e7\u00e3o, durante o processo de matr\u00edcula, para validar sua autodeclara\u00e7\u00e3o racial. Isen\u00e7\u00e3o da taxa de inscri\u00e7\u00e3o Para solicitar a participa\u00e7\u00e3o gratuita no processo seletivo, o candidato n\u00e3o pode possuir diploma de Ensino Superior. O benef\u00edcio \u00e9 destinado a estudantes de escola p\u00fablica, alunos do Universidade Para Todos (UPT), servidores (e dependentes) da UESB e de outras universidades estaduais baianas, al\u00e9m de terceirizados e estagi\u00e1rios da Institui\u00e7\u00e3o. A solicita\u00e7\u00e3o de isen\u00e7\u00e3o da taxa de inscri\u00e7\u00e3o tamb\u00e9m est\u00e1 aberta e pode ser feita at\u00e9 25 de agosto. O envio da documenta\u00e7\u00e3o comprovando a isen\u00e7\u00e3o deve ser feito via upload, at\u00e9 o dia 26 de agosto. Todo o procedimento acontece no site do Instituto Avalia. Os detalhes do processo seletivo est\u00e3o dispon\u00edveis no Manual do Candidato e no Edital n\u00b0 237\/2026. Mais informa\u00e7\u00f5es podem ser acessadas no site do vestibular e pelos canais oficiais da UESB no Instagram e no WhatsApp. Em caso de d\u00favidas, entre em contato pela Comiss\u00e3o Permanente de Vestibular, no e-mail\u00a0vestibular@uesb.edu.br\u00a0ou pelo telefone (77) 3424-8757. (diariobahia)<\/div>\n","protected":false},"excerpt":{"rendered":"<p>At\u00e9 30 de setembro, est\u00e3o abertas as inscri\u00e7\u00f5es do Vestibular UESB 2027. Com mais de mil vagas dispon\u00edveis, a sele\u00e7\u00e3o oferta oportunidade de forma\u00e7\u00e3o em 47 cursos de gradua\u00e7\u00e3o, distribu\u00eddos nos campi de Itapetinga, Jequi\u00e9 e Vit\u00f3ria da Conquista. Neste ano, as provas ser\u00e3o aplicadas nos dias 22 e 23 de novembro. (Foto ilustra\u00e7\u00e3o) Todo<\/p>\n","protected":false},"author":8,"featured_media":0,"comment_status":"closed","ping_status":"closed","sticky":false,"template":"","format":"standard","meta":{"fifu_image_url":"","fifu_image_alt":"","footnotes":""},"categories":[33],"tags":[],"class_list":["post-14165","post","type-post","status-publish","format-standard","hentry","category-noticias"],"_links":{"self":[{"href":"https:\/\/ilheusnews.com.br\/index.php?rest_route=\/wp\/v2\/posts\/14165","targetHints":{"allow":["GET"]}}],"collection":[{"href":"https:\/\/ilheusnews.com.br\/index.php?rest_route=\/wp\/v2\/posts"}],"about":[{"href":"https:\/\/ilheusnews.com.br\/index.php?rest_route=\/wp\/v2\/types\/post"}],"author":[{"embeddable":true,"href":"https:\/\/ilheusnews.com.br\/index.php?rest_route=\/wp\/v2\/users\/8"}],"replies":[{"embeddable":true,"href":"https:\/\/ilheusnews.com.br\/index.php?rest_route=%2Fwp%2Fv2%2Fcomments&post=14165"}],"version-history":[{"count":0,"href":"https:\/\/ilheusnews.com.br\/index.php?rest_route=\/wp\/v2\/posts\/14165\/revisions"}],"wp:attachment":[{"href":"https:\/\/ilheusnews.com.br\/index.php?rest_route=%2Fwp%2Fv2%2Fmedia&parent=14165"}],"wp:term":[{"taxonomy":"category","embeddable":true,"href":"https:\/\/ilheusnews.com.br\/index.php?rest_route=%2Fwp%2Fv2%2Fcategories&post=14165"},{"taxonomy":"post_tag","embeddable":true,"href":"https:\/\/ilheusnews.com.br\/index.php?rest_route=%2Fwp%2Fv2%2Ftags&post=14165"}],"curies":[{"name":"wp","href":"https:\/\/api.w.org\/{rel}","templated":true}]}}