{"id":14114,"date":"2026-08-17T06:02:09","date_gmt":"2026-08-17T09:02:09","guid":{"rendered":"https:\/\/ilheusnews.com.br\/?p=14114"},"modified":"2026-08-17T06:02:09","modified_gmt":"2026-08-17T09:02:09","slug":"amazon-prime-video-lancamentos-da-semana-17-a-23-de-agosto","status":"publish","type":"post","link":"https:\/\/ilheusnews.com.br\/?p=14114","title":{"rendered":"Amazon Prime Video: lan\u00e7amentos da semana (17 a 23 de agosto)"},"content":{"rendered":"<div>\n<p class=\"wp-embed-aspect-16-9 wp-has-aspect-ratio\">O\u00a0<strong>Olhar Digital<\/strong>\u00a0apresenta os lan\u00e7amentos da semana do Amazon Prime Video. Na semana <strong>entre 17 e 23 de agosto de 2026<\/strong>, a\u00a0<a href=\"https:\/\/olhardigital.com.br\/tag\/amazon\/\" target=\"_blank\" rel=\"noreferrer noopener\">Amazon<\/a>\u00a0ter\u00e1 a chegada de produ\u00e7\u00f5es \u00e0 sua plataforma de\u00a0<a href=\"https:\/\/olhardigital.com.br\/tag\/streaming\/\" target=\"_blank\" rel=\"noreferrer noopener\">streaming<\/a>.<\/p>\n<p>Entre os destaques que chegam ao streaming da Amazon nesta semana est\u00e3o <em>Novak Djokovic: O Lobo no Inverno<\/em>, document\u00e1rio que acompanha o tenista em um dos momentos de sua carreira ap\u00f3s conquistar os principais t\u00edtulos do esporte, e <em>Os Estranhos: Cap\u00edtulo 3<\/em>, novo filme da franquia de terror sobre os misteriosos assassinos mascarados.<\/p>\n<p><strong>Para um teste gr\u00e1tis de 30 dias de Prime Video <a href=\"https:\/\/www.primevideo.com\/?tag=odofertas-20\" target=\"_blank\" rel=\"noreferrer noopener\">clique aqui<\/a>.<\/strong><\/p>\n<h2 class=\"wp-block-heading\" id=\"h-lancamentos-da-prime-video-de-17-a-23-de-agosto-de-2026\">Lan\u00e7amentos da Prime Video de 17 a 23 de agosto de 2026<\/h2>\n<p>Confira mais detalhes sobre os\u00a0<a href=\"https:\/\/olhardigital.com.br\/tag\/lancamentos-da-semana\/\" target=\"_blank\" rel=\"noreferrer noopener\">lan\u00e7amentos da semana<\/a>\u00a0entre 17 e 23 de agosto de 2026:<\/p>\n<h3 class=\"wp-block-heading\" id=\"h-terca-feira-18-08\">Ter\u00e7a-feira \u2013 18\/08<\/h3>\n<figure class=\"wp-block-embed is-type-video is-provider-youtube wp-block-embed-youtube wp-embed-aspect-16-9 wp-has-aspect-ratio\">\n<div class=\"wp-block-embed__wrapper\">\n<iframe loading=\"lazy\" title=\"Those About to Die | Official Trailer | Peacock Original\" width=\"500\" height=\"281\" src=\"https:\/\/www.youtube.com\/embed\/hvf6IS48eik?feature=oembed\" frameborder=\"0\" allow=\"accelerometer; autoplay; clipboard-write; encrypted-media; gyroscope; picture-in-picture; web-share\" referrerpolicy=\"strict-origin-when-cross-origin\" allowfullscreen><\/iframe>\n<\/div>\n<\/figure>\n<ul>\n<li><strong>Aqueles Prestes a Morrer \u2014 Temporada 1<\/strong>\n<ul>\n<li><em>S\u00e9rie | A\u00e7\u00e3o | Drama | Hist\u00f3ria | Ano de Produ\u00e7\u00e3o: 2024 (EUA | Alemanha | It\u00e1lia)<\/em><\/li>\n<li>Na Roma Antiga, o povo encontra divers\u00e3o em corridas, apostas e combates de gladiadores, enquanto a dinastia Flaviana enfrenta disputas e conspira\u00e7\u00f5es pelo controle do Imp\u00e9rio. Em meio aos conflitos pol\u00edticos, diferentes personagens precisam lidar com as ambi\u00e7\u00f5es e perigos de uma sociedade marcada pela viol\u00eancia e pelo espet\u00e1culo.<\/li>\n<\/ul>\n<\/li>\n<\/ul>\n<ul>\n<li><strong>The Ghost in the Shell \u2014 Temporada 1, Epis\u00f3dio 7<\/strong>\n<ul>\n<li><em>S\u00e9rie | Anime | Anima\u00e7\u00e3o | A\u00e7\u00e3o | Fic\u00e7\u00e3o cient\u00edfica | Ano de Produ\u00e7\u00e3o: 2026 (Jap\u00e3o)<\/em><\/li>\n<li>Em 2029, a ciborgue Motoko Kusanagi lidera uma for\u00e7a-tarefa criada para combater amea\u00e7as de alta complexidade. Ao investigar uma conspira\u00e7\u00e3o internacional envolvendo um hacker conhecido como Mestre dos Fantoches, ela e a rec\u00e9m-formada Se\u00e7\u00e3o 9 enfrentam um caso que pode mudar seus destinos.<\/li>\n<\/ul>\n<\/li>\n<\/ul>\n<h3 class=\"wp-block-heading\" id=\"h-quarta-feira-19-08\">Quarta-feira \u2013 19\/08<\/h3>\n<ul>\n<li><strong>O Bad Boy e Eu 2<\/strong>\n<ul>\n<li><em>Filme | Romance | Esportes | Ano de Produ\u00e7\u00e3o: 2025 (EUA | Canad\u00e1)<\/em><\/li>\n<li>O astro do futebol americano Drayton e a dan\u00e7arina Dallas enfrentam novos desafios no relacionamento enquanto ele se recupera de uma les\u00e3o e os dois come\u00e7am a questionar o futuro juntos. A dist\u00e2ncia e as mudan\u00e7as pessoais colocam o v\u00ednculo do casal \u00e0 prova.<\/li>\n<\/ul>\n<\/li>\n<\/ul>\n<ul>\n<li><strong>Ardente Vingan\u00e7a<\/strong>\n<ul>\n<li><em>Filme | Drama | Mist\u00e9rio | Suspense | Faroeste | Ano de Produ\u00e7\u00e3o: 2026 (EUA)<\/em><\/li>\n<li>Duas irm\u00e3s embarcam em uma jornada de vingan\u00e7a enquanto confrontam acontecimentos do passado de sua fam\u00edlia. O filme marca a estreia de Aleshea Harris na dire\u00e7\u00e3o e adapta sua pr\u00f3pria pe\u00e7a premiada para o cinema.<\/li>\n<\/ul>\n<\/li>\n<\/ul>\n<ul>\n<li><strong>The Moment<\/strong>\n<ul>\n<li><em>Filme | Com\u00e9dia | Drama | Suspense | Ano de Produ\u00e7\u00e3o: 2026 (Reino Unido | EUA)<\/em><\/li>\n<li>\u00c0s v\u00e9speras do in\u00edcio de sua turn\u00ea, uma estrela pop interpretada por Charli XCX se v\u00ea presa \u00e0s lembran\u00e7as de um ver\u00e3o marcado por sucesso, ambi\u00e7\u00e3o, ego e excessos. A produ\u00e7\u00e3o acompanha os bastidores da ind\u00fastria musical em uma s\u00e1tira sobre a press\u00e3o para permanecer no topo.<\/li>\n<\/ul>\n<\/li>\n<\/ul>\n<h3 class=\"wp-block-heading\" id=\"h-quinta-feira-20-08\">Quinta-feira \u2013 20\/08<\/h3>\n<figure class=\"wp-block-embed is-type-video is-provider-youtube wp-block-embed-youtube wp-embed-aspect-16-9 wp-has-aspect-ratio\">\n<div class=\"wp-block-embed__wrapper\">\n<iframe loading=\"lazy\" title=\"Novak Djokovic: Lobo no Inverno | Trailer Oficial\" width=\"500\" height=\"281\" src=\"https:\/\/www.youtube.com\/embed\/MozzTaCSIbk?feature=oembed\" frameborder=\"0\" allow=\"accelerometer; autoplay; clipboard-write; encrypted-media; gyroscope; picture-in-picture; web-share\" referrerpolicy=\"strict-origin-when-cross-origin\" allowfullscreen><\/iframe>\n<\/div>\n<\/figure>\n<ul>\n<li><strong>Novak Djokovic: O Lobo no Inverno<\/strong>\n<ul>\n<li><em>Filme | Original Prime Video | Document\u00e1rio | Ano de Produ\u00e7\u00e3o: 2026 (EUA)<\/em><\/li>\n<li>O document\u00e1rio acompanha Novak Djokovic em seu retorno ao Australian Open de 2025 e investiga o que ainda motiva o tenista depois de conquistar os principais t\u00edtulos do esporte. Com acesso aos bastidores de torneios, treinamentos e momentos ao lado da fam\u00edlia, o filme re\u00fane entrevistas com Djokovic, seus familiares e grandes nomes do t\u00eanis, como Rafael Nadal, Andre Agassi, Pete Sampras, Boris Becker e Jim Courier.<\/li>\n<\/ul>\n<\/li>\n<\/ul>\n<h3 class=\"wp-block-heading\" id=\"h-sexta-feira-21-08\">Sexta-feira \u2013 21\/08<\/h3>\n<figure class=\"wp-block-embed is-type-video is-provider-youtube wp-block-embed-youtube wp-embed-aspect-16-9 wp-has-aspect-ratio\">\n<div class=\"wp-block-embed__wrapper\">\n<iframe loading=\"lazy\" title=\"NA ZONA CINZENTA Trailer Dublado Oficial (2026) Jake Gyllenhaal, Henry Cavill\" width=\"500\" height=\"281\" src=\"https:\/\/www.youtube.com\/embed\/XI8RmIhAiZ0?feature=oembed\" frameborder=\"0\" allow=\"accelerometer; autoplay; clipboard-write; encrypted-media; gyroscope; picture-in-picture; web-share\" referrerpolicy=\"strict-origin-when-cross-origin\" allowfullscreen><\/iframe>\n<\/div>\n<\/figure>\n<ul>\n<li><strong>Na Zona Cinzenta<\/strong>\n<ul>\n<li><em>Filme | A\u00e7\u00e3o | Policial | Drama | Suspense | Ano de Produ\u00e7\u00e3o: 2026 (Reino Unido | EUA)<\/em><\/li>\n<li>Ap\u00f3s um assalto bilion\u00e1rio, uma equipe de opera\u00e7\u00f5es secretas viaja at\u00e9 uma ilha privada para recuperar o dinheiro que est\u00e1 nas m\u00e3os de um perigoso mafioso. A miss\u00e3o se torna ainda mais arriscada quando os agentes precisam resgatar uma negociadora de alto escal\u00e3o mantida em cativeiro e executar um plano preciso em territ\u00f3rio hostil.<\/li>\n<\/ul>\n<\/li>\n<\/ul>\n<h3 class=\"wp-block-heading\" id=\"h-sabado-22-08\">S\u00e1bado \u2013 22\/08<\/h3>\n<figure class=\"wp-block-embed is-type-video is-provider-youtube wp-block-embed-youtube wp-embed-aspect-16-9 wp-has-aspect-ratio\">\n<div class=\"wp-block-embed__wrapper\">\n<iframe loading=\"lazy\" title=\"Os Estranhos - Cap\u00edtulo Final | Trailer Oficial Legendado\" width=\"500\" height=\"281\" src=\"https:\/\/www.youtube.com\/embed\/SXOoHbiPzDA?feature=oembed\" frameborder=\"0\" allow=\"accelerometer; autoplay; clipboard-write; encrypted-media; gyroscope; picture-in-picture; web-share\" referrerpolicy=\"strict-origin-when-cross-origin\" allowfullscreen><\/iframe>\n<\/div>\n<\/figure>\n<ul>\n<li><strong>Os Estranhos: Cap\u00edtulo 3<\/strong>\n<ul>\n<li><em>Filme | Terror | Ano de Produ\u00e7\u00e3o: 2026 (EUA | Reino Unido | Espanha | Eslov\u00e1quia | Canad\u00e1)<\/em><\/li>\n<li>No cap\u00edtulo mais brutal da franquia, Maya enfrenta novamente os assassinos mascarados e descobre que, para escapar do pesadelo, talvez precise entrar nele. Enquanto os sobreviventes lidam com novas amea\u00e7as, segredos v\u00eam \u00e0 tona e colocam suas vidas em risco em uma luta na qual a fronteira entre realidade e perigo se torna cada vez mais dif\u00edcil de distinguir.<\/li>\n<\/ul>\n<\/li>\n<\/ul>\n<h2 class=\"wp-block-heading\">Esportes no Prime Video<\/h2>\n<p>Al\u00e9m dos filmes e s\u00e9ries, o Prime Video tamb\u00e9m conta com uma programa\u00e7\u00e3o esportiva. Confira alguns dos jogos em destaque nesta semana e onde assistir:<\/p>\n<ul>\n<li><strong>Prime Video \u2014 Brasileir\u00e3o<\/strong> \u2014 Corinthians x Cruzeiro<br \/>Domingo, 16 de agosto | Pr\u00e9-jogo: 18h30 | Partida: 19h30<\/li>\n<li><strong>Caz\u00e9TV \u2014 La Liga<\/strong> \u2014 Atl\u00e9tico de Madrid x M\u00e1laga<br \/>Quarta-feira, 19 de agosto | Partida: 15h<\/li>\n<li><strong>Paramount+ \u2014 CONMEBOL Libertadores<\/strong> \u2014 Cerro Porte\u00f1o x Palmeiras<br \/>Quarta-feira, 19 de agosto | Oitavas de final (volta) | Partida: 19h<\/li>\n<li><strong>Paramount+ \u2014 CONMEBOL Libertadores<\/strong> \u2014 Flamengo x Cruzeiro<br \/>Quarta-feira, 19 de agosto | Oitavas de final (volta) | Partida: 21h30<\/li>\n<\/ul>\n<p>O post <a href=\"https:\/\/olhardigital.com.br\/2026\/08\/17\/cinema-e-streaming\/amazon-prime-video-lancamentos-da-semana-17-a-23-de-agosto\/\">Amazon Prime Video: lan\u00e7amentos da semana (17 a 23 de agosto)<\/a> apareceu primeiro em <a href=\"https:\/\/olhardigital.com.br\/\">Olhar Digital<\/a>.<\/p>\n<\/div>\n","protected":false},"excerpt":{"rendered":"<p>O\u00a0Olhar Digital\u00a0apresenta os lan\u00e7amentos da semana do Amazon Prime Video. Na semana entre 17 e 23 de agosto de 2026, a\u00a0Amazon\u00a0ter\u00e1 a chegada de produ\u00e7\u00f5es \u00e0 sua plataforma de\u00a0streaming. Entre os destaques que chegam ao streaming da Amazon nesta semana est\u00e3o Novak Djokovic: O Lobo no Inverno, document\u00e1rio que acompanha o tenista em um dos<\/p>\n","protected":false},"author":6,"featured_media":0,"comment_status":"closed","ping_status":"closed","sticky":false,"template":"","format":"standard","meta":{"fifu_image_url":"","fifu_image_alt":"","footnotes":""},"categories":[33],"tags":[],"class_list":["post-14114","post","type-post","status-publish","format-standard","hentry","category-noticias"],"_links":{"self":[{"href":"https:\/\/ilheusnews.com.br\/index.php?rest_route=\/wp\/v2\/posts\/14114","targetHints":{"allow":["GET"]}}],"collection":[{"href":"https:\/\/ilheusnews.com.br\/index.php?rest_route=\/wp\/v2\/posts"}],"about":[{"href":"https:\/\/ilheusnews.com.br\/index.php?rest_route=\/wp\/v2\/types\/post"}],"author":[{"embeddable":true,"href":"https:\/\/ilheusnews.com.br\/index.php?rest_route=\/wp\/v2\/users\/6"}],"replies":[{"embeddable":true,"href":"https:\/\/ilheusnews.com.br\/index.php?rest_route=%2Fwp%2Fv2%2Fcomments&post=14114"}],"version-history":[{"count":0,"href":"https:\/\/ilheusnews.com.br\/index.php?rest_route=\/wp\/v2\/posts\/14114\/revisions"}],"wp:attachment":[{"href":"https:\/\/ilheusnews.com.br\/index.php?rest_route=%2Fwp%2Fv2%2Fmedia&parent=14114"}],"wp:term":[{"taxonomy":"category","embeddable":true,"href":"https:\/\/ilheusnews.com.br\/index.php?rest_route=%2Fwp%2Fv2%2Fcategories&post=14114"},{"taxonomy":"post_tag","embeddable":true,"href":"https:\/\/ilheusnews.com.br\/index.php?rest_route=%2Fwp%2Fv2%2Ftags&post=14114"}],"curies":[{"name":"wp","href":"https:\/\/api.w.org\/{rel}","templated":true}]}}