{"id":14113,"date":"2026-08-17T06:02:09","date_gmt":"2026-08-17T09:02:09","guid":{"rendered":"https:\/\/ilheusnews.com.br\/?p=14113"},"modified":"2026-08-17T06:02:09","modified_gmt":"2026-08-17T09:02:09","slug":"disney-lancamentos-da-semana-17-a-23-de-agosto","status":"publish","type":"post","link":"https:\/\/ilheusnews.com.br\/?p=14113","title":{"rendered":"Disney+: lan\u00e7amentos da semana (17 a 23 de agosto)"},"content":{"rendered":"<div>\n<p>Toda semana, o <strong>Olhar Digital<\/strong> destaca as novidades do Disney+ no <a href=\"https:\/\/olhardigital.com.br\/tag\/brasil\/\" target=\"_blank\" rel=\"noreferrer noopener\">Brasil<\/a>. <strong>Entre os dias 17 e 23 de agosto de 2026<\/strong>, o <a href=\"https:\/\/olhardigital.com.br\/tag\/streaming\/\" target=\"_blank\" rel=\"noreferrer noopener\">streaming<\/a> recebe novos epis\u00f3dios de s\u00e9ries em andamento e uma nova temporada de anima\u00e7\u00e3o da Marvel.<\/p>\n<p>Nesta atualiza\u00e7\u00e3o, o Disney+ recebe um novo epis\u00f3dio de <em>F\u00faria<\/em> e a quinta temporada de <em>Spidey e Seus Amigos Espetaculares<\/em>. A plataforma tamb\u00e9m segue com a programa\u00e7\u00e3o esportiva da ESPN ao longo do m\u00eas.<\/p>\n<h2 class=\"wp-block-heading\" id=\"h-lancamentos-do-disney-de-17-a-23-de-agosto-de-2026\">Lan\u00e7amentos do Disney+ de 17 a 23 de agosto de 2026<\/h2>\n<p>Confira abaixo mais detalhes sobre os <a href=\"https:\/\/olhardigital.com.br\/tag\/lancamentos-da-semana\/\" target=\"_blank\" rel=\"noreferrer noopener\">lan\u00e7amentos da semana<\/a> no Disney+ entre 17 e 23 de agosto de 2026:<\/p>\n<h3 class=\"wp-block-heading\" id=\"h-segunda-feira-17-08\">Segunda-feira \u2013 17\/08<\/h3>\n<figure class=\"wp-block-embed is-type-video is-provider-youtube wp-block-embed-youtube wp-embed-aspect-16-9 wp-has-aspect-ratio\">\n<div class=\"wp-block-embed__wrapper\">\n<iframe loading=\"lazy\" title=\"F\u00faria | Trailer Oficial Dublado | Disney+\" width=\"500\" height=\"281\" src=\"https:\/\/www.youtube.com\/embed\/ZSo_y9TAnhQ?feature=oembed\" frameborder=\"0\" allow=\"accelerometer; autoplay; clipboard-write; encrypted-media; gyroscope; picture-in-picture; web-share\" referrerpolicy=\"strict-origin-when-cross-origin\" allowfullscreen><\/iframe>\n<\/div>\n<\/figure>\n<ul>\n<li><strong>F\u00faria \u2014 Temporada 1, epis\u00f3dio 6<\/strong>\n<ul>\n<li><em>S\u00e9rie | Original Hulu | Policial | Drama | Suspense | Ano de Produ\u00e7\u00e3o: 2026 (EUA)<\/em><\/li>\n<li>Da criadora e produtora executiva Elizabeth Meriwether, <em>F\u00faria<\/em> acompanha a agente do FBI Alice Black (Emmy Rossum) na busca por uma misteriosa e calculista assassina em s\u00e9rie. As duas seguem seus pr\u00f3prios caminhos rumo \u00e0 justi\u00e7a e, \u00e0 medida que suas vidas se entrela\u00e7am, a linha entre o bem e o mal come\u00e7a a se tornar cada vez mais t\u00eanue.<\/li>\n<\/ul>\n<\/li>\n<\/ul>\n<h3 class=\"wp-block-heading\" id=\"h-quarta-feira-19-08\">Quarta-feira \u2013 19\/08<\/h3>\n<ul>\n<li><strong>Spidey e Seus Amigos Espetaculares \u2014 Temporada 5, novos epis\u00f3dios<\/strong>\n<ul>\n<li><em>S\u00e9rie | Original Marvel | Anima\u00e7\u00e3o | A\u00e7\u00e3o | Aventura | Com\u00e9dia | Fam\u00edlia | Fantasia | Fic\u00e7\u00e3o cient\u00edfica | Ano de Produ\u00e7\u00e3o: 2026 (EUA e Canad\u00e1)<\/em><\/li>\n<li>Na quinta temporada de <em>Spidey e Seus Amigos Espetaculares<\/em>, a Equipe Spidey enfrenta miss\u00f5es ainda mais desafiadoras com a chegada de um caminh\u00e3o de bombeiros tem\u00e1tico do Spidey e de um novo equipamento de resgate. Ao longo das aventuras, o grupo conta com a ajuda de aliados como Rocket, Groot, Sr. Fant\u00e1stico e Silk, que unem suas habilidades para enfrentar amea\u00e7as e proteger quem mais precisa.<\/li>\n<\/ul>\n<\/li>\n<\/ul>\n<h2 class=\"wp-block-heading\" id=\"h-esportes-da-espn-no-disney\">Esportes da ESPN no Disney+<\/h2>\n<ul>\n<li><strong>CONMEBOL Libertadores:<\/strong> a competi\u00e7\u00e3o retorna em agosto com as oitavas de final, disputadas entre os dias 11 e 20;<\/li>\n<li><strong>Copa Sul-Americana:<\/strong> as oitavas de final acontecem entre os dias 12 e 19 de agosto;<\/li>\n<li><strong>Campeonato Brasileiro S\u00e9rie B:<\/strong> durante o m\u00eas ser\u00e3o disputadas as rodadas 21 a 25 da competi\u00e7\u00e3o;<\/li>\n<li><strong>T\u00eanis:<\/strong> agosto tem como destaques o ATP Masters 1000 de Montreal, o ATP Masters 1000 de Cincinnati e o WTA 1000 de Toronto. No fim do m\u00eas, come\u00e7a o US Open, \u00faltimo Grand Slam da temporada;<\/li>\n<li><strong>NASCAR:<\/strong> a programa\u00e7\u00e3o inclui etapas da NASCAR Brasil e da NASCAR Cup Series ao longo do m\u00eas;<\/li>\n<li><strong>IndyCar:<\/strong> a categoria segue com sua temporada ao longo de agosto;<\/li>\n<li><strong>MotoGP:<\/strong> o Mundial tem etapas programadas durante o m\u00eas de agosto;<\/li>\n<li><strong>Ciclismo:<\/strong> o Tour de France Femmes acontece entre 1\u00ba e 9 de agosto.<\/li>\n<\/ul>\n<p>O post <a href=\"https:\/\/olhardigital.com.br\/2026\/08\/17\/cinema-e-streaming\/disney-lancamentos-da-semana-17-a-23-de-agosto\/\">Disney+: lan\u00e7amentos da semana (17 a 23 de agosto)<\/a> apareceu primeiro em <a href=\"https:\/\/olhardigital.com.br\/\">Olhar Digital<\/a>.<\/p>\n<\/div>\n","protected":false},"excerpt":{"rendered":"<p>Toda semana, o Olhar Digital destaca as novidades do Disney+ no Brasil. Entre os dias 17 e 23 de agosto de 2026, o streaming recebe novos epis\u00f3dios de s\u00e9ries em andamento e uma nova temporada de anima\u00e7\u00e3o da Marvel. Nesta atualiza\u00e7\u00e3o, o Disney+ recebe um novo epis\u00f3dio de F\u00faria e a quinta temporada de Spidey<\/p>\n","protected":false},"author":6,"featured_media":0,"comment_status":"closed","ping_status":"closed","sticky":false,"template":"","format":"standard","meta":{"fifu_image_url":"","fifu_image_alt":"","footnotes":""},"categories":[33],"tags":[],"class_list":["post-14113","post","type-post","status-publish","format-standard","hentry","category-noticias"],"_links":{"self":[{"href":"https:\/\/ilheusnews.com.br\/index.php?rest_route=\/wp\/v2\/posts\/14113","targetHints":{"allow":["GET"]}}],"collection":[{"href":"https:\/\/ilheusnews.com.br\/index.php?rest_route=\/wp\/v2\/posts"}],"about":[{"href":"https:\/\/ilheusnews.com.br\/index.php?rest_route=\/wp\/v2\/types\/post"}],"author":[{"embeddable":true,"href":"https:\/\/ilheusnews.com.br\/index.php?rest_route=\/wp\/v2\/users\/6"}],"replies":[{"embeddable":true,"href":"https:\/\/ilheusnews.com.br\/index.php?rest_route=%2Fwp%2Fv2%2Fcomments&post=14113"}],"version-history":[{"count":0,"href":"https:\/\/ilheusnews.com.br\/index.php?rest_route=\/wp\/v2\/posts\/14113\/revisions"}],"wp:attachment":[{"href":"https:\/\/ilheusnews.com.br\/index.php?rest_route=%2Fwp%2Fv2%2Fmedia&parent=14113"}],"wp:term":[{"taxonomy":"category","embeddable":true,"href":"https:\/\/ilheusnews.com.br\/index.php?rest_route=%2Fwp%2Fv2%2Fcategories&post=14113"},{"taxonomy":"post_tag","embeddable":true,"href":"https:\/\/ilheusnews.com.br\/index.php?rest_route=%2Fwp%2Fv2%2Ftags&post=14113"}],"curies":[{"name":"wp","href":"https:\/\/api.w.org\/{rel}","templated":true}]}}