{"id":14111,"date":"2026-08-17T06:02:05","date_gmt":"2026-08-17T09:02:05","guid":{"rendered":"https:\/\/ilheusnews.com.br\/?p=14111"},"modified":"2026-08-17T06:02:05","modified_gmt":"2026-08-17T09:02:05","slug":"vitoria-da-conquista-prefeitura-autoriza-concurso-publico-para-agentes-de-transito","status":"publish","type":"post","link":"https:\/\/ilheusnews.com.br\/?p=14111","title":{"rendered":"Vit\u00f3ria da Conquista: Prefeitura autoriza concurso p\u00fablico para agentes de tr\u00e2nsito"},"content":{"rendered":"<div>A Prefeitura de Vit\u00f3ria da Conquista autorizou, na sexta-feira (14), a realiza\u00e7\u00e3o de\u00a0concurso p\u00fablico\u00a0para novos agentes do Sistema Municipal de Tr\u00e2nsito (Simtrans), durante audi\u00eancia no Gabinete da Chefia do Poder Executivo. O evento tamb\u00e9m formalizou a ades\u00e3o do Munic\u00edpio ao\u00a0Programa Vida no Tr\u00e2nsito, iniciativa criada pelo Minist\u00e9rio da Sa\u00fade que vem refor\u00e7ar o compromisso da Gest\u00e3o Municipal com a preven\u00e7\u00e3o de acidentes e a preserva\u00e7\u00e3o de vidas.\u00a0(Foto ilustra\u00e7\u00e3o) Participaram do ato de ades\u00e3o, a prefeita Sheila Lemos, a secret\u00e1ria municipal de Sa\u00fade, Lorena Almeida, o secret\u00e1rio de Mobilidade Urbana, Silvanio Oliveira, a secret\u00e1ria de Comunica\u00e7\u00e3o, Daniella Oliveira, o secret\u00e1rio da Casa Civil, Ivanildo da Silva, o presidente da Federa\u00e7\u00e3o Brasileira das Associa\u00e7\u00f5es e Cooperativas (Febac), Luciano Paiva, al\u00e9m de membros da diretoria. Mais do que uma ades\u00e3o formal, o Programa Vida no Tr\u00e2nsito, tamb\u00e9m chamado de Pacto pela Vida no Tr\u00e2nsito, soma-se a um conjunto de iniciativas realizadas pela Secretaria Municipal de Mobilidade Urbana (Semob), por meio do Simtrans, com foco na redu\u00e7\u00e3o dos riscos e na constru\u00e7\u00e3o de um tr\u00e2nsito mais seguro para motoristas, motociclistas, ciclistas e pedestres. O concurso p\u00fablico contemplar\u00e1 23 (vinte e tr\u00eas) vagas, bem como forma\u00e7\u00e3o de cadastro reserva, para o cargo de Agente de Tr\u00e2nsito. A medida \u00e9 essencial para garantir a legalidade administrativa, recompor o quadro de pessoal t\u00e9cnico e assegurar a efici\u00eancia dos servi\u00e7os de seguran\u00e7a vi\u00e1ria e fiscaliza\u00e7\u00e3o urbana do munic\u00edpio. (Ascom\/PMVC)<\/div>\n","protected":false},"excerpt":{"rendered":"<p>A Prefeitura de Vit\u00f3ria da Conquista autorizou, na sexta-feira (14), a realiza\u00e7\u00e3o de\u00a0concurso p\u00fablico\u00a0para novos agentes do Sistema Municipal de Tr\u00e2nsito (Simtrans), durante audi\u00eancia no Gabinete da Chefia do Poder Executivo. O evento tamb\u00e9m formalizou a ades\u00e3o do Munic\u00edpio ao\u00a0Programa Vida no Tr\u00e2nsito, iniciativa criada pelo Minist\u00e9rio da Sa\u00fade que vem refor\u00e7ar o compromisso da<\/p>\n","protected":false},"author":8,"featured_media":0,"comment_status":"closed","ping_status":"closed","sticky":false,"template":"","format":"standard","meta":{"fifu_image_url":"","fifu_image_alt":"","footnotes":""},"categories":[33],"tags":[],"class_list":["post-14111","post","type-post","status-publish","format-standard","hentry","category-noticias"],"_links":{"self":[{"href":"https:\/\/ilheusnews.com.br\/index.php?rest_route=\/wp\/v2\/posts\/14111","targetHints":{"allow":["GET"]}}],"collection":[{"href":"https:\/\/ilheusnews.com.br\/index.php?rest_route=\/wp\/v2\/posts"}],"about":[{"href":"https:\/\/ilheusnews.com.br\/index.php?rest_route=\/wp\/v2\/types\/post"}],"author":[{"embeddable":true,"href":"https:\/\/ilheusnews.com.br\/index.php?rest_route=\/wp\/v2\/users\/8"}],"replies":[{"embeddable":true,"href":"https:\/\/ilheusnews.com.br\/index.php?rest_route=%2Fwp%2Fv2%2Fcomments&post=14111"}],"version-history":[{"count":0,"href":"https:\/\/ilheusnews.com.br\/index.php?rest_route=\/wp\/v2\/posts\/14111\/revisions"}],"wp:attachment":[{"href":"https:\/\/ilheusnews.com.br\/index.php?rest_route=%2Fwp%2Fv2%2Fmedia&parent=14111"}],"wp:term":[{"taxonomy":"category","embeddable":true,"href":"https:\/\/ilheusnews.com.br\/index.php?rest_route=%2Fwp%2Fv2%2Fcategories&post=14111"},{"taxonomy":"post_tag","embeddable":true,"href":"https:\/\/ilheusnews.com.br\/index.php?rest_route=%2Fwp%2Fv2%2Ftags&post=14111"}],"curies":[{"name":"wp","href":"https:\/\/api.w.org\/{rel}","templated":true}]}}