{"id":14002,"date":"2026-08-15T00:00:48","date_gmt":"2026-08-15T03:00:48","guid":{"rendered":"https:\/\/ilheusnews.com.br\/?p=14002"},"modified":"2026-08-15T00:00:48","modified_gmt":"2026-08-15T03:00:48","slug":"eua-estados-vao-pedir-r-105-trilhao-da-meta-em-julgamento","status":"publish","type":"post","link":"https:\/\/ilheusnews.com.br\/?p=14002","title":{"rendered":"EUA: estados v\u00e3o pedir R$ 1,05 trilh\u00e3o da Meta em julgamento"},"content":{"rendered":"<div>\n<p>Uma coaliz\u00e3o de estados estadunidenses vai pedir <strong>US$ 193 bilh\u00f5es<\/strong> (aproximadamente <strong>R$ 1,05 trilh\u00e3o<\/strong>) \u00e0 <a href=\"https:\/\/olhardigital.com.br\/tag\/meta\/\" target=\"_blank\" rel=\"noreferrer noopener\">Meta<\/a> em um julgamento contra a empresa que ter\u00e1 in\u00edcio na pr\u00f3xima ter\u00e7a-feira (18). A companhia \u00e9 acusada de ter desenvolvido intencionalmente o <a href=\"https:\/\/olhardigital.com.br\/tag\/facebook\/\" target=\"_blank\" rel=\"noreferrer noopener\">Facebook<\/a> e o <a href=\"https:\/\/olhardigital.com.br\/tag\/instagram\/\" target=\"_blank\" rel=\"noreferrer noopener\">Instagram<\/a> para tornar crian\u00e7as dependentes das redes sociais.<\/p>\n<p>O julgamento ser\u00e1 realizado em Oakland, na Calif\u00f3rnia (EUA), e ter\u00e1 dura\u00e7\u00e3o prevista de seis semanas. A Meta, que possui mais de <strong>tr\u00eas bilh\u00f5es de usu\u00e1rios<\/strong> em seus aplicativos, ter\u00e1 de se defender das acusa\u00e7\u00f5es apresentadas pelos estados.<\/p>\n<p>Caso a gigante das redes sociais perca a a\u00e7\u00e3o, as autoridades tamb\u00e9m pedir\u00e3o que um juiz determine mudan\u00e7as no funcionamento de seus dois principais aplicativos, al\u00e9m da aplica\u00e7\u00e3o de multa.<\/p>\n<h2 class=\"wp-block-heading\" id=\"h-estados-negam-pedido-de-r-7-6-trilhoes\">Estados negam pedido de R$ 7,6 trilh\u00f5es<\/h2>\n<p>O valor que ser\u00e1 solicitado pelos estados \u00e9 bem inferior aos <strong>US$ 1,4 trilh\u00e3o<\/strong> (cerca de <strong>R$ 7,6 trilh\u00f5es<\/strong>) mencionados anteriormente no processo.<\/p>\n<p>Durante audi\u00eancia realizada na quinta-feira (13), um advogado dos estados fez quest\u00e3o de esclarecer que as autoridades n\u00e3o pedir\u00e3o esse valor.<\/p>\n<p>\u201cN\u00e3o pedimos US$ 1,4 trilh\u00e3o\u201d, afirmou o advogado, segundo o qual a Meta teria calculado essa cifra \u201cpara causar impacto\u201d. O representante confirmou que a indeniza\u00e7\u00e3o reivindicada pelos estados ser\u00e1 de <strong>US$ 193 bilh\u00f5es<\/strong>.<\/p>\n<\/p>\n<div class=\"wp-block-image\">\n<figure class=\"aligncenter size-large\"><figcaption class=\"wp-element-caption\">Julgamento come\u00e7a na pr\u00f3xima semana \u2013 Imagem: mundissima\/Shutterstock<\/figcaption><\/figure>\n<\/div>\n<p><strong>Leia mais:<\/strong><\/p>\n<ul>\n<li><a href=\"https:\/\/olhardigital.com.br\/2025\/11\/28\/internet-e-redes-sociais\/7-truques-criativos-para-utilizar-no-instagram\/\" target=\"_blank\" rel=\"noreferrer noopener\">7 truques criativos para utilizar no Instagram<\/a><\/li>\n<li><a href=\"https:\/\/olhardigital.com.br\/2024\/02\/12\/dicas-e-tutoriais\/4-configuracoes-de-privacidade-do-facebook-para-mudar-agora-mesmo\/\" target=\"_blank\" rel=\"noreferrer noopener\">4 configura\u00e7\u00f5es de privacidade do Facebook para mudar agora mesmo!<\/a><\/li>\n<li><a href=\"https:\/\/olhardigital.com.br\/2026\/08\/13\/internet-e-redes-sociais\/meta-usa-ia-como-filtro-para-barrar-menores-nas-redes-sociais\/\" target=\"_blank\" rel=\"noreferrer noopener\">Meta usa IA como filtro para barrar menores nas redes sociais<\/a><\/li>\n<\/ul>\n<h2 class=\"wp-block-heading\" id=\"h-acusacoes-contra-facebook-e-instagram\">Acusa\u00e7\u00f5es contra Facebook e Instagram<\/h2>\n<ul>\n<li>O processo teve origem em 2023, quando um grupo de estados estadunidenses acionou a Meta por suspeitar que a empresa havia criado fun\u00e7\u00f5es potencialmente viciantes para crian\u00e7as em seus aplicativos e violado leis estaduais;<\/li>\n<li>Agora, os promotores que representam <strong>Calif\u00f3rnia, Colorado, Kentucky e Nova Jersey<\/strong> tentar\u00e3o provar que a Meta violou leis federais e estaduais relacionadas \u00e0 <strong>seguran\u00e7a e \u00e0 privacidade de menores<\/strong>;<\/li>\n<li>As autoridades sustentam que a empresa desenvolveu seus aplicativos de maneira intencionalmente voltada a tornar crian\u00e7as dependentes das plataformas;<\/li>\n<li>Se a acusa\u00e7\u00e3o for acolhida, al\u00e9m da indeniza\u00e7\u00e3o, os estados querem que a Meta seja obrigada a modificar o Facebook e o Instagram.<\/li>\n<\/ul>\n<h2 class=\"wp-block-heading\" id=\"h-meta-nega-acusacoes\">Meta nega acusa\u00e7\u00f5es<\/h2>\n<p>A Meta rejeita as acusa\u00e7\u00f5es apresentadas pelos estados. Em declara\u00e7\u00e3o \u00e0 <em>AFP<\/em>, um porta-voz da companhia afirmou que a empresa <strong>\u201cnega categoricamente essas acusa\u00e7\u00f5es\u201d<\/strong> e que acredita que <strong>\u201cas provas v\u00e3o mostrar seu compromisso de longa data com o apoio aos jovens\u201d<\/strong>.<\/p>\n<p>O julgamento, que come\u00e7a na pr\u00f3xima semana e deve durar seis semanas, ser\u00e1 realizado em Oakland e representa mais uma disputa envolvendo as pr\u00e1ticas das grandes plataformas de redes sociais e a prote\u00e7\u00e3o de crian\u00e7as e adolescentes.<\/p>\n<p>O post <a href=\"https:\/\/olhardigital.com.br\/2026\/08\/14\/pro\/eua-estados-vao-pedir-r-1-05-trilhao-da-meta-em-julgamento\/\">EUA: estados v\u00e3o pedir R$ 1,05 trilh\u00e3o da Meta em julgamento<\/a> apareceu primeiro em <a href=\"https:\/\/olhardigital.com.br\/\">Olhar Digital<\/a>.<\/p>\n<\/div>\n","protected":false},"excerpt":{"rendered":"<p>Uma coaliz\u00e3o de estados estadunidenses vai pedir US$ 193 bilh\u00f5es (aproximadamente R$ 1,05 trilh\u00e3o) \u00e0 Meta em um julgamento contra a empresa que ter\u00e1 in\u00edcio na pr\u00f3xima ter\u00e7a-feira (18). A companhia \u00e9 acusada de ter desenvolvido intencionalmente o Facebook e o Instagram para tornar crian\u00e7as dependentes das redes sociais. O julgamento ser\u00e1 realizado em Oakland,<\/p>\n","protected":false},"author":6,"featured_media":14003,"comment_status":"closed","ping_status":"closed","sticky":false,"template":"","format":"standard","meta":{"fifu_image_url":"https:\/\/olhardigital.com.br\/wp-content\/uploads\/2025\/08\/meta_julgamento-1024x689.jpg","fifu_image_alt":"EUA: estados v\u00e3o pedir R$ 1,05 trilh\u00e3o da Meta em julgamento","footnotes":""},"categories":[33],"tags":[],"class_list":["post-14002","post","type-post","status-publish","format-standard","has-post-thumbnail","hentry","category-noticias"],"_links":{"self":[{"href":"https:\/\/ilheusnews.com.br\/index.php?rest_route=\/wp\/v2\/posts\/14002","targetHints":{"allow":["GET"]}}],"collection":[{"href":"https:\/\/ilheusnews.com.br\/index.php?rest_route=\/wp\/v2\/posts"}],"about":[{"href":"https:\/\/ilheusnews.com.br\/index.php?rest_route=\/wp\/v2\/types\/post"}],"author":[{"embeddable":true,"href":"https:\/\/ilheusnews.com.br\/index.php?rest_route=\/wp\/v2\/users\/6"}],"replies":[{"embeddable":true,"href":"https:\/\/ilheusnews.com.br\/index.php?rest_route=%2Fwp%2Fv2%2Fcomments&post=14002"}],"version-history":[{"count":0,"href":"https:\/\/ilheusnews.com.br\/index.php?rest_route=\/wp\/v2\/posts\/14002\/revisions"}],"wp:featuredmedia":[{"embeddable":true,"href":"https:\/\/ilheusnews.com.br\/index.php?rest_route=\/wp\/v2\/media\/14003"}],"wp:attachment":[{"href":"https:\/\/ilheusnews.com.br\/index.php?rest_route=%2Fwp%2Fv2%2Fmedia&parent=14002"}],"wp:term":[{"taxonomy":"category","embeddable":true,"href":"https:\/\/ilheusnews.com.br\/index.php?rest_route=%2Fwp%2Fv2%2Fcategories&post=14002"},{"taxonomy":"post_tag","embeddable":true,"href":"https:\/\/ilheusnews.com.br\/index.php?rest_route=%2Fwp%2Fv2%2Ftags&post=14002"}],"curies":[{"name":"wp","href":"https:\/\/api.w.org\/{rel}","templated":true}]}}