{"id":13969,"date":"2026-08-14T18:01:16","date_gmt":"2026-08-14T21:01:16","guid":{"rendered":"https:\/\/ilheusnews.com.br\/?p=13969"},"modified":"2026-08-14T18:01:16","modified_gmt":"2026-08-14T21:01:16","slug":"prefeitura-de-feira-determina-progressao-funcional-vertical-a-350-professores","status":"publish","type":"post","link":"https:\/\/ilheusnews.com.br\/?p=13969","title":{"rendered":"Prefeitura de Feira determina progress\u00e3o funcional vertical a 350 professores"},"content":{"rendered":"<div>O prefeito Jos\u00e9 Ronaldo de Carvalho baixou portarias individuais da Prefeitura de Feira de Santana concedendo progress\u00e3o funcional vertical a mais 350 professores da rede p\u00fablica municipal. As altera\u00e7\u00f5es, que representam conquistas e avan\u00e7os com acr\u00e9scimos salariais, foram publicadas no Di\u00e1rio Oficial Eletr\u00f4nico do Munic\u00edpio de Feira de Santana (www.feiradesantana.ba.gov.br), edi\u00e7\u00e3o desta quinta-feira (13). (Foto ilustra\u00e7\u00e3o\/Seduc\/Feira de Santana) A medida adotada pelo prefeito Jos\u00e9 Ronaldo representa um avan\u00e7o significativo na educa\u00e7\u00e3o p\u00fablica da rede municipal de Feira de Santana e a valoriza\u00e7\u00e3o dos professores, com o reconhecimento dos esfor\u00e7os coletivos da categoria visando ao avan\u00e7o no Ideb. As portarias individuais foram publicadas em blocos, de acordo com os n\u00edveis de progress\u00e3o funcional vertical aos quais os professores foram enquadrados. A decis\u00e3o leva em considera\u00e7\u00e3o o que estabelece o art. 304, \u00a7 2\u00ba, inciso I, combinado com o art. 305, ambos da Lei Municipal Complementar n\u00ba 01\/94, com as altera\u00e7\u00f5es e acr\u00e9scimos promovidos pela Lei Municipal Complementar n\u00ba 026, de 14 de dezembro de 2005. De acordo com as portarias, a progress\u00e3o funcional vertical da Refer\u00eancia A para a Refer\u00eancia F contemplou uma professora. J\u00e1 da Refer\u00eancia B para a Refer\u00eancia E foram enquadradas mais duas professoras. Enquanto isso, foram contemplados outros quatro professores com a progress\u00e3o da Refer\u00eancia B para a Refer\u00eancia F. J\u00e1 da Refer\u00eancia B para a Refer\u00eancia G foi contemplada uma professora. O maior n\u00famero de professores contemplados avan\u00e7ou da Refer\u00eancia E para a Refer\u00eancia F, somando um total de 277 beneficiados. Em seguida, vem a progress\u00e3o de 29 professores da Refer\u00eancia E para a Refer\u00eancia G. J\u00e1 da Refer\u00eancia E para a Refer\u00eancia H foram contempladas mais duas professoras. Na lista, com um dos maiores n\u00fameros de professores contemplados com a progress\u00e3o funcional, tamb\u00e9m constam 26 professores que avan\u00e7aram da Refer\u00eancia F para a Refer\u00eancia G. E da Refer\u00eancia F para a Refer\u00eancia H s\u00e3o mais 3, e da Refer\u00eancia G para a Refer\u00eancia H s\u00e3o outros 5. (Secom)<\/div>\n","protected":false},"excerpt":{"rendered":"<p>O prefeito Jos\u00e9 Ronaldo de Carvalho baixou portarias individuais da Prefeitura de Feira de Santana concedendo progress\u00e3o funcional vertical a mais 350 professores da rede p\u00fablica municipal. As altera\u00e7\u00f5es, que representam conquistas e avan\u00e7os com acr\u00e9scimos salariais, foram publicadas no Di\u00e1rio Oficial Eletr\u00f4nico do Munic\u00edpio de Feira de Santana (www.feiradesantana.ba.gov.br), edi\u00e7\u00e3o desta quinta-feira (13). (Foto<\/p>\n","protected":false},"author":8,"featured_media":0,"comment_status":"closed","ping_status":"closed","sticky":false,"template":"","format":"standard","meta":{"fifu_image_url":"","fifu_image_alt":"","footnotes":""},"categories":[33],"tags":[],"class_list":["post-13969","post","type-post","status-publish","format-standard","hentry","category-noticias"],"_links":{"self":[{"href":"https:\/\/ilheusnews.com.br\/index.php?rest_route=\/wp\/v2\/posts\/13969","targetHints":{"allow":["GET"]}}],"collection":[{"href":"https:\/\/ilheusnews.com.br\/index.php?rest_route=\/wp\/v2\/posts"}],"about":[{"href":"https:\/\/ilheusnews.com.br\/index.php?rest_route=\/wp\/v2\/types\/post"}],"author":[{"embeddable":true,"href":"https:\/\/ilheusnews.com.br\/index.php?rest_route=\/wp\/v2\/users\/8"}],"replies":[{"embeddable":true,"href":"https:\/\/ilheusnews.com.br\/index.php?rest_route=%2Fwp%2Fv2%2Fcomments&post=13969"}],"version-history":[{"count":0,"href":"https:\/\/ilheusnews.com.br\/index.php?rest_route=\/wp\/v2\/posts\/13969\/revisions"}],"wp:attachment":[{"href":"https:\/\/ilheusnews.com.br\/index.php?rest_route=%2Fwp%2Fv2%2Fmedia&parent=13969"}],"wp:term":[{"taxonomy":"category","embeddable":true,"href":"https:\/\/ilheusnews.com.br\/index.php?rest_route=%2Fwp%2Fv2%2Fcategories&post=13969"},{"taxonomy":"post_tag","embeddable":true,"href":"https:\/\/ilheusnews.com.br\/index.php?rest_route=%2Fwp%2Fv2%2Ftags&post=13969"}],"curies":[{"name":"wp","href":"https:\/\/api.w.org\/{rel}","templated":true}]}}