{"id":13875,"date":"2026-08-13T12:02:55","date_gmt":"2026-08-13T15:02:55","guid":{"rendered":"https:\/\/ilheusnews.com.br\/?p=13875"},"modified":"2026-08-13T12:02:55","modified_gmt":"2026-08-13T15:02:55","slug":"chuva-de-meteoros-perseidas-veja-imagens-ao-redor-do-mundo","status":"publish","type":"post","link":"https:\/\/ilheusnews.com.br\/?p=13875","title":{"rendered":"Chuva de meteoros Perseidas: veja imagens ao redor do mundo"},"content":{"rendered":"<div>\n<p>Todos os anos, entre meados de julho e fim de agosto, a <a href=\"https:\/\/olhardigital.com.br\/2026\/08\/11\/ciencia-e-espaco\/brasil-esta-no-coracao-de-uma-anomalia-do-campo-magnetico-da-terra\/\" target=\"_blank\" rel=\"noreferrer noopener\">Terra<\/a> atravessa a nuvem de detritos deixada pelo cometa 109P\/Swift-Tuttle. Quando esses res\u00edduos atingem a atmosfera do nosso planeta, ocorre a <a href=\"https:\/\/olhardigital.com.br\/2026\/08\/12\/ciencia-e-espaco\/chuva-de-meteoros-perseidas-esta-em-atividade-maxima-saiba-como-assistir\/\" target=\"_blank\" rel=\"noreferrer noopener\">Perseidas<\/a>, uma chuva de meteoros de maior visibilidade no Hemisf\u00e9rio Norte, mas tamb\u00e9m observ\u00e1vel (em menor escala) nos pa\u00edses abaixo da linha do equador, como o Brasil \u2013 a depender de fatores como condi\u00e7\u00f5es meteorol\u00f3gicas favor\u00e1veis e m\u00ednima interfer\u00eancia poss\u00edvel de polui\u00e7\u00e3o luminosa.<\/p>\n<p>Desta vez, a m\u00e1xima dessa chuva ocorreu entre a noite de quarta (12) e a madrugada desta quinta-feira (13). Como a Lua estava no<a href=\"https:\/\/olhardigital.com.br\/2026\/08\/12\/ciencia-e-espaco\/lua-hoje-confira-a-fase-da-lua-desta-quarta-feira-12-08-2026\/\" target=\"_blank\" rel=\"noreferrer noopener\"> primeiro dia da fase nova<\/a>, 0% iluminada, a visualiza\u00e7\u00e3o da chuva de meteoros Perseidas (que tem esse nome por se originar na constela\u00e7\u00e3o de Perseus) foi bem favorecida, permitindo aos observadores de diversas partes do mundo n\u00e3o apenas contemplar o momento, como tamb\u00e9m fazer belos registros do <a href=\"https:\/\/olhardigital.com.br\/2026\/02\/26\/ciencia-e-espaco\/maior-mapa-do-universo-em-radio-revela-mais-de-13-milhoes-de-fenomenos\/\" target=\"_blank\" rel=\"noreferrer noopener\">fen\u00f4meno <\/a>\u2013 como estes que voc\u00ea confere a seguir.<\/p>\n<figure class=\"wp-block-image size-large\"><figcaption class=\"wp-element-caption\">Chuva de meteoros Perseidas fotografada dois dias antes da noite de pico em Cabo Rojo, Porto Rico \u2013 Cr\u00e9dito: Frankie Lucena via APOD NASA<\/figcaption><\/figure>\n<div class=\"wp-block-image\">\n<figure class=\"aligncenter size-full is-resized\"><img loading=\"lazy\" decoding=\"async\" width=\"715\" height=\"1000\" src=\"https:\/\/ilheusnews.com.br\/wp-content\/uploads\/2026\/08\/perseidas-sucia.jpg\" alt=\"perseidas su\u00e9cia\" class=\"wp-image-1362716\" style=\"width:754px;height:auto\" srcset=\"https:\/\/img.odcdn.com.br\/wp-content\/uploads\/2026\/08\/perseidas-sucia.jpg 715w, https:\/\/img.odcdn.com.br\/wp-content\/uploads\/2026\/08\/perseidas-sucia-215x300.jpg 215w, https:\/\/img.odcdn.com.br\/wp-content\/uploads\/2026\/08\/perseidas-sucia-150x210.jpg 150w\" sizes=\"auto, (max-width: 715px) 100vw, 715px\"><figcaption class=\"wp-element-caption\">\u201cAp\u00f3s um bel\u00edssimo eclipse solar de 80%, fui para a costa leste e presenciei uma linda chuva de meteoros Perseidas. N\u00e3o foi a melhor que j\u00e1 vi, mas havia v\u00e1rios meteoros brilhantes e coloridos. Esta foto mostra dois deles com a Via L\u00e1ctea ao lado\u201d, relatou o autor da imagem acima, obtida em Vallentuna, Su\u00e9cia. \u2013 Cr\u00e9dito: PM Hed\u00e9n via APOD NASA<\/figcaption><\/figure>\n<\/div>\n<figure class=\"wp-block-image size-large\"><img loading=\"lazy\" decoding=\"async\" width=\"1024\" height=\"606\" src=\"https:\/\/ilheusnews.com.br\/wp-content\/uploads\/2026\/08\/perseidas-noruega-1024x606-1.jpg\" alt=\"perseidas noruega\" class=\"wp-image-1362719\" srcset=\"https:\/\/img.odcdn.com.br\/wp-content\/uploads\/2026\/08\/perseidas-noruega-1024x606.jpg 1024w, https:\/\/img.odcdn.com.br\/wp-content\/uploads\/2026\/08\/perseidas-noruega-300x177.jpg 300w, https:\/\/img.odcdn.com.br\/wp-content\/uploads\/2026\/08\/perseidas-noruega-768x454.jpg 768w, https:\/\/img.odcdn.com.br\/wp-content\/uploads\/2026\/08\/perseidas-noruega-1536x908.jpg 1536w, https:\/\/img.odcdn.com.br\/wp-content\/uploads\/2026\/08\/perseidas-noruega-2048x1211.jpg 2048w, https:\/\/img.odcdn.com.br\/wp-content\/uploads\/2026\/08\/perseidas-noruega-150x89.jpg 150w\" sizes=\"auto, (max-width: 1024px) 100vw, 1024px\"><figcaption class=\"wp-element-caption\">Um meteoro Perseidas registrado em Stavanger, Rogaland, sudoeste da Noruega \u2013 Cr\u00e9dito: Jon Helge Edvardsen via APOD NASA<\/figcaption><\/figure>\n<p><strong>Leia mais:<\/strong><\/p>\n<ul>\n<li><a href=\"https:\/\/olhardigital.com.br\/2026\/06\/24\/ciencia-e-espaco\/eles-vigiam-as-estrelas-cadentes-a-tecnologia-por-tras-da-deteccao-de-meteoros\/\" target=\"_blank\" rel=\"noreferrer noopener\">Eles vigiam as \u201cestrelas cadentes\u201d: a tecnologia por tr\u00e1s da detec\u00e7\u00e3o de meteoros<\/a><\/li>\n<li><a href=\"https:\/\/olhardigital.com.br\/2023\/12\/13\/ciencia-e-espaco\/o-que-a-cor-dos-meteoros-dizem-sobre-eles\/\" target=\"_blank\" rel=\"noreferrer noopener\">O que a cor dos meteoros diz sobre eles?<\/a><\/li>\n<li><a href=\"https:\/\/olhardigital.com.br\/2025\/04\/25\/ciencia-e-espaco\/como-o-sol-influencia-chuvas-de-meteoros-inesperadas\/\" target=\"_blank\" rel=\"noreferrer noopener\">Como o Sol influencia chuvas de meteoros inesperadas<\/a><\/li>\n<\/ul>\n<h2 class=\"wp-block-heading\" id=\"h-registros-da-chuva-de-meteoros-perseidas-nas-redes-sociais\"><strong>Registros da chuva de meteoros Perseidas nas redes sociais<\/strong><\/h2>\n<p>V\u00e1rios registros da chuva de meteoros Perseidas foram compartilhados nas redes sociais.<\/p>\n<\/p>\n<blockquote class=\"twitter-tweet\">\n<p lang=\"en\" dir=\"ltr\">Last 2 nights Perside Meteor Shower at Ludham and Caister 12th\/13th August2026@StormchaserUKEU <a href=\"https:\/\/x.com\/danholley_?ref_src=twsrc%5Etfw\">@danholley_<\/a> <a href=\"https:\/\/x.com\/stormbell?ref_src=twsrc%5Etfw\">@stormbell<\/a> <a href=\"https:\/\/x.com\/Lowweather?ref_src=twsrc%5Etfw\">@Lowweather<\/a> <a href=\"https:\/\/x.com\/bbcweather?ref_src=twsrc%5Etfw\">@bbcweather<\/a> <a href=\"https:\/\/x.com\/BBCWthrWatchers?ref_src=twsrc%5Etfw\">@BBCWthrWatchers<\/a> <a href=\"https:\/\/x.com\/itvweather?ref_src=twsrc%5Etfw\">@itvweather<\/a> <a href=\"https:\/\/x.com\/metoffice?ref_src=twsrc%5Etfw\">@metoffice<\/a> <a href=\"https:\/\/x.com\/ChrisPage90?ref_src=twsrc%5Etfw\">@ChrisPage90<\/a> <a href=\"https:\/\/x.com\/WeatherAisling?ref_src=twsrc%5Etfw\">@WeatherAisling<\/a> <a href=\"https:\/\/x.com\/hashtag\/loveukweather?src=hash&amp;ref_src=twsrc%5Etfw\">#loveukweather<\/a>\u2705 <a href=\"https:\/\/x.com\/liamdutton?ref_src=twsrc%5Etfw\">@liamdutton<\/a> <a href=\"https:\/\/x.com\/GavinPartridge?ref_src=twsrc%5Etfw\">@GavinPartridge<\/a> <a href=\"https:\/\/x.com\/BBCLookEast?ref_src=twsrc%5Etfw\">@BBCLookEast<\/a> <a href=\"https:\/\/x.com\/itvanglia?ref_src=twsrc%5Etfw\">@itvanglia<\/a> <a href=\"https:\/\/t.co\/o1j2q30Rj9\">pic.twitter.com\/o1j2q30Rj9<\/a><\/p>\n<p>\u2014 Simon\u2019s Weather Photography (@simon_weather) <a href=\"https:\/\/x.com\/simon_weather\/status\/2087875507228422579?ref_src=twsrc%5Etfw\">August 13, 2026<\/a><\/p><\/blockquote>\n<p> <script async=\"\" src=\"https:\/\/platform.x.com\/widgets.js\" charset=\"utf-8\"><\/script><\/p>\n<\/p>\n<blockquote class=\"twitter-tweet\">\n<p lang=\"ja\" dir=\"ltr\">\u30da\u30eb\u30bb\u30a6\u30b9\u5ea7\u6d41\u661f\u7fa4\u304c\u6d3b\u767a\u306b\u6d3b\u52d5\u3057\u3066\u3044\u307e\u3059\u30022026\u5e748\u670813\u65e51\u664218\u520641\u79d2\u306b\u51fa\u73fe\u3057\u305f\u30da\u30eb\u30bb\u30a6\u30b9\u5ea7\u6d41\u661f\u7fa4\u306e\u706b\u7403\u3092\u3001\u5bcc\u58eb\u304b\u3089\u5317\u897f\u5411\u304d\u306e\u30ab\u30e1\u30e9\u3067\u6349\u3048\u305f\u69d8\u5b50\u3067\u3059\u3002 <a href=\"https:\/\/t.co\/CJSNVweVW7\">pic.twitter.com\/CJSNVweVW7<\/a><\/p>\n<p>\u2014 \u85e4\u4e95\u5927\u5730 (@dfuji1) <a href=\"https:\/\/x.com\/dfuji1\/status\/2087588174977753320?ref_src=twsrc%5Etfw\">August 12, 2026<\/a><\/p><\/blockquote>\n<p> <script async=\"\" src=\"https:\/\/platform.x.com\/widgets.js\" charset=\"utf-8\"><\/script><\/p>\n<\/p>\n<blockquote class=\"twitter-tweet\">\n<p lang=\"th\" dir=\"ltr\">\u0e02\u0e2d\u0e07\u0e08\u0e23\u0e34\u0e07\u0e44\u0e21\u0e48\u0e43\u0e0a\u0e48\u0e0b\u0e35\u0e08\u0e35! \u0e19\u0e32\u0e17\u0e35 \u201c\u0e1d\u0e19\u0e14\u0e32\u0e27\u0e15\u0e01\u0e40\u0e1e\u0e2d\u0e23\u0e4c\u0e40\u0e0b\u0e2d\u0e34\u0e14\u0e2a\u0e4c\u201d \u0e1e\u0e38\u0e48\u0e07\u0e1e\u0e23\u0e27\u0e14\u0e40\u0e15\u0e47\u0e21\u0e17\u0e49\u0e2d\u0e07\u0e1f\u0e49\u0e32 \u0e04\u0e37\u0e19 12-13 \u0e2a.\u0e04.<\/p>\n<p>\u0e04\u0e25\u0e34\u0e1b\u0e20\u0e32\u0e1e\u0e1b\u0e23\u0e32\u0e01\u0e0f\u0e01\u0e32\u0e23\u0e13\u0e4c \u201c\u0e1d\u0e19\u0e14\u0e32\u0e27\u0e15\u0e01\u0e40\u0e1e\u0e2d\u0e23\u0e4c\u0e40\u0e0b\u0e2d\u0e34\u0e14\u0e2a\u0e4c\u201d (Perseid Meteor Shower) \u0e2b\u0e23\u0e37\u0e2d\u0e1d\u0e19\u0e14\u0e32\u0e27\u0e15\u0e01\u0e27\u0e31\u0e19\u0e41\u0e21\u0e48 \u0e17\u0e35\u0e48\u0e1e\u0e35\u0e04\u0e2a\u0e39\u0e07\u0e2a\u0e38\u0e14\u0e0a\u0e48\u0e27\u0e07\u0e23\u0e38\u0e48\u0e07\u0e40\u0e0a\u0e49\u0e32\u0e27\u0e31\u0e19\u0e17\u0e35\u0e48 13 \u0e2a\u0e34\u0e07\u0e2b\u0e32\u0e04\u0e21\u0e17\u0e35\u0e48\u0e1c\u0e48\u0e32\u0e19\u0e21\u0e32<\/p>\n<p>\u0e04\u0e37\u0e19\u0e40\u0e01\u0e34\u0e14\u0e40\u0e2b\u0e15\u0e38\u0e15\u0e23\u0e07\u0e01\u0e31\u0e1a\u0e04\u0e37\u0e19\u0e08\u0e31\u0e19\u0e17\u0e23\u0e4c\u0e14\u0e31\u0e1a \u0e44\u0e23\u0e49\u0e41\u0e2a\u0e07\u0e08\u0e31\u0e19\u0e17\u0e23\u0e4c\u0e23\u0e1a\u0e01\u0e27\u0e19\u2026 <a href=\"https:\/\/t.co\/LBM6CeGorU\">pic.twitter.com\/LBM6CeGorU<\/a><\/p>\n<p>\u2014 R here (@UvgtdERt4PWmcjF) <a href=\"https:\/\/x.com\/UvgtdERt4PWmcjF\/status\/2087864330473934934?ref_src=twsrc%5Etfw\">August 13, 2026<\/a><\/p><\/blockquote>\n<p> <script async=\"\" src=\"https:\/\/platform.x.com\/widgets.js\" charset=\"utf-8\"><\/script><\/p>\n<\/p>\n<blockquote class=\"twitter-tweet\">\n<p lang=\"en\" dir=\"ltr\">Video of the best <a href=\"https:\/\/x.com\/hashtag\/Perseid?src=hash&amp;ref_src=twsrc%5Etfw\">#Perseid<\/a> <a href=\"https:\/\/x.com\/hashtag\/fireball?src=hash&amp;ref_src=twsrc%5Etfw\">#fireball<\/a> I\u2019ve captured! It briefly lit up the sky and left an ionization train for 7-8 seconds! <a href=\"https:\/\/t.co\/94KhVYCDQE\">pic.twitter.com\/94KhVYCDQE<\/a><\/p>\n<p>\u2014 Landon Moeller (@landon_wx) <a href=\"https:\/\/x.com\/landon_wx\/status\/2087848380080730613?ref_src=twsrc%5Etfw\">August 13, 2026<\/a><\/p><\/blockquote>\n<p> <script async=\"\" src=\"https:\/\/platform.x.com\/widgets.js\" charset=\"utf-8\"><\/script><\/p>\n<\/p>\n<blockquote class=\"twitter-tweet\">\n<p lang=\"tr\" dir=\"ltr\">12.08.2026 Konya Seydi\u015fehir Rak\u0131m 1820<a href=\"https:\/\/x.com\/hashtag\/perseids?src=hash&amp;ref_src=twsrc%5Etfw\">#perseids<\/a> <a href=\"https:\/\/x.com\/hashtag\/nightskyphotography?src=hash&amp;ref_src=twsrc%5Etfw\">#nightskyphotography<\/a> <a href=\"https:\/\/x.com\/hashtag\/y%C4%B1ld%C4%B1z?src=hash&amp;ref_src=twsrc%5Etfw\">#y\u0131ld\u0131z<\/a> <a href=\"https:\/\/x.com\/hashtag\/astrophoto?src=hash&amp;ref_src=twsrc%5Etfw\">#astrophoto<\/a> <a href=\"https:\/\/x.com\/hashtag\/meteorya%C4%9Fmuru?src=hash&amp;ref_src=twsrc%5Etfw\">#meteorya\u011fmuru<\/a> <a href=\"https:\/\/t.co\/L6y0I4TiAV\">pic.twitter.com\/L6y0I4TiAV<\/a><\/p>\n<p>\u2014 Musa Kayrak (@musakayrak) <a href=\"https:\/\/x.com\/musakayrak\/status\/2087843810806038835?ref_src=twsrc%5Etfw\">August 13, 2026<\/a><\/p><\/blockquote>\n<p> <script async=\"\" src=\"https:\/\/platform.x.com\/widgets.js\" charset=\"utf-8\"><\/script><\/p>\n<\/p>\n<blockquote class=\"twitter-tweet\">\n<p lang=\"tr\" dir=\"ltr\">\ud83d\udccd Libya \u2013 Misrata 12.08.20206<a href=\"https:\/\/x.com\/hashtag\/Perseid?src=hash&amp;ref_src=twsrc%5Etfw\">#Perseid<\/a> meteor yagmuru <br \/>D\u00fcn gece resmen \u015f\u00f6len vardi<br \/>Kadraja yakalananlar d\u00fczenendikten sonra gelecek<a href=\"https:\/\/x.com\/hashtag\/perseids?src=hash&amp;ref_src=twsrc%5Etfw\">#perseids<\/a> <a href=\"https:\/\/x.com\/hashtag\/astrophoto?src=hash&amp;ref_src=twsrc%5Etfw\">#astrophoto<\/a> <a href=\"https:\/\/x.com\/hashtag\/nightsky?src=hash&amp;ref_src=twsrc%5Etfw\">#nightsky<\/a> <a href=\"https:\/\/t.co\/g9762RTSow\">pic.twitter.com\/g9762RTSow<\/a><\/p>\n<p>\u2014 Mustafa Sertad\u0131m (@Caldlowx) <a href=\"https:\/\/x.com\/Caldlowx\/status\/2087795476066136334?ref_src=twsrc%5Etfw\">August 13, 2026<\/a><\/p><\/blockquote>\n<p> <script async=\"\" src=\"https:\/\/platform.x.com\/widgets.js\" charset=\"utf-8\"><\/script><\/p>\n<\/p>\n<blockquote class=\"twitter-tweet\">\n<p lang=\"ja\" dir=\"ltr\">\u5927\u6c17\u5149\u3068\u6d41\u308c\u661f<\/p>\n<p>\u6628\u65e5\u306f\u5927\u6c17\u5149\u304c\u304b\u306a\u308a\u660e\u308b\u304f\u51fa\u3066\u307e\u3057\u305f<br \/>\u3082\u3084\u3063\u3066\u308b\uff1f\u96f2\u3067\u3066\u308b\uff1f\u3068\u611f\u3058\u308b\u307b\u3069\u3067\u3057\u305f<\/p>\n<p>\u30ab\u30e1\u30e9\u3092\u5411\u3051\u3066\u898b\u305f\u3089\u3053\u3093\u306a\u611f\u3058<br \/>\u8089\u773c\u3067\u3082\u308f\u304b\u308a\u307e\u3057\u305f<\/p>\n<p>2026\/08\/13 1:21<br \/>\u5317\u6d77\u9053 \u30b5\u30ed\u30de\u6e56\u4ed8\u8fd1<a href=\"https:\/\/x.com\/hashtag\/%E3%83%9A%E3%83%AB%E3%82%BB%E3%82%A6%E3%82%B9%E5%BA%A7%E6%B5%81%E6%98%9F%E7%BE%A4?src=hash&amp;ref_src=twsrc%5Etfw\">#\u30da\u30eb\u30bb\u30a6\u30b9\u5ea7\u6d41\u661f\u7fa4<\/a><a href=\"https:\/\/x.com\/hashtag\/Perseids?src=hash&amp;ref_src=twsrc%5Etfw\">#Perseids<\/a> <a href=\"https:\/\/x.com\/hashtag\/airglow?src=hash&amp;ref_src=twsrc%5Etfw\">#airglow<\/a> <a href=\"https:\/\/t.co\/dyTpmWD3tK\">pic.twitter.com\/dyTpmWD3tK<\/a><\/p>\n<p>\u2014 KoY (@KY0223528477070) <a href=\"https:\/\/x.com\/KY0223528477070\/status\/2087691327165386987?ref_src=twsrc%5Etfw\">August 13, 2026<\/a><\/p><\/blockquote>\n<p> <script async=\"\" src=\"https:\/\/platform.x.com\/widgets.js\" charset=\"utf-8\"><\/script><\/p>\n<p>O post <a href=\"https:\/\/olhardigital.com.br\/2026\/08\/13\/ciencia-e-espaco\/chuva-de-meteoros-perseidas-veja-imagens-ao-redor-do-mundo-2\/\">Chuva de meteoros Perseidas: veja imagens ao redor do mundo<\/a> apareceu primeiro em <a href=\"https:\/\/olhardigital.com.br\/\">Olhar Digital<\/a>.<\/p>\n<\/div>\n","protected":false},"excerpt":{"rendered":"<p>Todos os anos, entre meados de julho e fim de agosto, a Terra atravessa a nuvem de detritos deixada pelo cometa 109P\/Swift-Tuttle. Quando esses res\u00edduos atingem a atmosfera do nosso planeta, ocorre a Perseidas, uma chuva de meteoros de maior visibilidade no Hemisf\u00e9rio Norte, mas tamb\u00e9m observ\u00e1vel (em menor escala) nos pa\u00edses abaixo da linha<\/p>\n","protected":false},"author":6,"featured_media":13876,"comment_status":"closed","ping_status":"closed","sticky":false,"template":"","format":"standard","meta":{"fifu_image_url":"https:\/\/olhardigital.com.br\/wp-content\/uploads\/2026\/08\/perseidas-porto-ico-1024x576.jpg","fifu_image_alt":"Chuva de meteoros Perseidas: veja imagens ao redor do mundo","footnotes":""},"categories":[33],"tags":[],"class_list":["post-13875","post","type-post","status-publish","format-standard","has-post-thumbnail","hentry","category-noticias"],"_links":{"self":[{"href":"https:\/\/ilheusnews.com.br\/index.php?rest_route=\/wp\/v2\/posts\/13875","targetHints":{"allow":["GET"]}}],"collection":[{"href":"https:\/\/ilheusnews.com.br\/index.php?rest_route=\/wp\/v2\/posts"}],"about":[{"href":"https:\/\/ilheusnews.com.br\/index.php?rest_route=\/wp\/v2\/types\/post"}],"author":[{"embeddable":true,"href":"https:\/\/ilheusnews.com.br\/index.php?rest_route=\/wp\/v2\/users\/6"}],"replies":[{"embeddable":true,"href":"https:\/\/ilheusnews.com.br\/index.php?rest_route=%2Fwp%2Fv2%2Fcomments&post=13875"}],"version-history":[{"count":0,"href":"https:\/\/ilheusnews.com.br\/index.php?rest_route=\/wp\/v2\/posts\/13875\/revisions"}],"wp:featuredmedia":[{"embeddable":true,"href":"https:\/\/ilheusnews.com.br\/index.php?rest_route=\/wp\/v2\/media\/13876"}],"wp:attachment":[{"href":"https:\/\/ilheusnews.com.br\/index.php?rest_route=%2Fwp%2Fv2%2Fmedia&parent=13875"}],"wp:term":[{"taxonomy":"category","embeddable":true,"href":"https:\/\/ilheusnews.com.br\/index.php?rest_route=%2Fwp%2Fv2%2Fcategories&post=13875"},{"taxonomy":"post_tag","embeddable":true,"href":"https:\/\/ilheusnews.com.br\/index.php?rest_route=%2Fwp%2Fv2%2Ftags&post=13875"}],"curies":[{"name":"wp","href":"https:\/\/api.w.org\/{rel}","templated":true}]}}