{"id":13869,"date":"2026-08-13T12:02:47","date_gmt":"2026-08-13T15:02:47","guid":{"rendered":"https:\/\/ilheusnews.com.br\/?p=13869"},"modified":"2026-08-13T12:02:47","modified_gmt":"2026-08-13T15:02:47","slug":"pgr-pede-que-stf-mantenha-proibicao-de-visitas-de-flavio-a-jair-bolsonaro","status":"publish","type":"post","link":"https:\/\/ilheusnews.com.br\/?p=13869","title":{"rendered":"PGR pede que STF mantenha proibi\u00e7\u00e3o de visitas de Fl\u00e1vio a Jair Bolsonaro"},"content":{"rendered":"<div>O procurador-geral da Rep\u00fablica, Paulo Gonet, recomendou nesta quarta-feira (12) que o Supremo Tribunal Federal (STF) mantenha as decis\u00f5es que restringiram as visitas familiares a\u00a0Jair Bolsonaro (foto ilustra\u00e7\u00e3o)\u00a0durante o cumprimento de sua pris\u00e3o domiciliar. Em 13 de julho, o ministro\u00a0Alexandre de Moraes\u00a0suspendeu por 90 dias as visitas de\u00a0Fl\u00e1vio Bolsonaro\u00a0ao pai ap\u00f3s o senador divulgar uma carta de Jair pedindo votos \u00e0 sua candidatura. Quatro dias depois, Moraes tamb\u00e9m proibiu, at\u00e9 o fim das elei\u00e7\u00f5es de 2026, qualquer visita com finalidade pol\u00edtico-eleitoral ao ex-presidente. Ap\u00f3s as decis\u00f5es, a defesa de Bolsonaro pediu a retomada das visitas de Fl\u00e1vio, alegando a \u201cnecessidade de preservar os v\u00ednculos familiares e a rela\u00e7\u00e3o profissional entre os dois\u201d. Em outro recurso, contestaram a proibi\u00e7\u00e3o de manifesta\u00e7\u00f5es pol\u00edtico-eleitorais, sob o argumento de que a suspens\u00e3o dos direitos pol\u00edticos n\u00e3o implica, por si s\u00f3, restri\u00e7\u00e3o \u00e0 liberdade de express\u00e3o. Gonet, por\u00e9m, defende a manuten\u00e7\u00e3o das restri\u00e7\u00f5es. Para o procurador-geral, a pris\u00e3o domiciliar humanit\u00e1ria n\u00e3o afasta as regras do regime fechado e o direito de visita pode ser restringido diante do descumprimento das condi\u00e7\u00f5es impostas pelo STF. (Por\u00a0Estad\u00e3o Conte\u00fado)<\/div>\n","protected":false},"excerpt":{"rendered":"<p>O procurador-geral da Rep\u00fablica, Paulo Gonet, recomendou nesta quarta-feira (12) que o Supremo Tribunal Federal (STF) mantenha as decis\u00f5es que restringiram as visitas familiares a\u00a0Jair Bolsonaro (foto ilustra\u00e7\u00e3o)\u00a0durante o cumprimento de sua pris\u00e3o domiciliar. Em 13 de julho, o ministro\u00a0Alexandre de Moraes\u00a0suspendeu por 90 dias as visitas de\u00a0Fl\u00e1vio Bolsonaro\u00a0ao pai ap\u00f3s o senador divulgar uma<\/p>\n","protected":false},"author":8,"featured_media":0,"comment_status":"closed","ping_status":"closed","sticky":false,"template":"","format":"standard","meta":{"fifu_image_url":"","fifu_image_alt":"","footnotes":""},"categories":[33],"tags":[],"class_list":["post-13869","post","type-post","status-publish","format-standard","hentry","category-noticias"],"_links":{"self":[{"href":"https:\/\/ilheusnews.com.br\/index.php?rest_route=\/wp\/v2\/posts\/13869","targetHints":{"allow":["GET"]}}],"collection":[{"href":"https:\/\/ilheusnews.com.br\/index.php?rest_route=\/wp\/v2\/posts"}],"about":[{"href":"https:\/\/ilheusnews.com.br\/index.php?rest_route=\/wp\/v2\/types\/post"}],"author":[{"embeddable":true,"href":"https:\/\/ilheusnews.com.br\/index.php?rest_route=\/wp\/v2\/users\/8"}],"replies":[{"embeddable":true,"href":"https:\/\/ilheusnews.com.br\/index.php?rest_route=%2Fwp%2Fv2%2Fcomments&post=13869"}],"version-history":[{"count":0,"href":"https:\/\/ilheusnews.com.br\/index.php?rest_route=\/wp\/v2\/posts\/13869\/revisions"}],"wp:attachment":[{"href":"https:\/\/ilheusnews.com.br\/index.php?rest_route=%2Fwp%2Fv2%2Fmedia&parent=13869"}],"wp:term":[{"taxonomy":"category","embeddable":true,"href":"https:\/\/ilheusnews.com.br\/index.php?rest_route=%2Fwp%2Fv2%2Fcategories&post=13869"},{"taxonomy":"post_tag","embeddable":true,"href":"https:\/\/ilheusnews.com.br\/index.php?rest_route=%2Fwp%2Fv2%2Ftags&post=13869"}],"curies":[{"name":"wp","href":"https:\/\/api.w.org\/{rel}","templated":true}]}}