{"id":13868,"date":"2026-08-13T12:02:44","date_gmt":"2026-08-13T15:02:44","guid":{"rendered":"https:\/\/ilheusnews.com.br\/?p=13868"},"modified":"2026-08-13T12:02:44","modified_gmt":"2026-08-13T15:02:44","slug":"roberto-kuelho-apresenta-abraco-coletivo-neste-domingo-em-feira-de-santana","status":"publish","type":"post","link":"https:\/\/ilheusnews.com.br\/?p=13868","title":{"rendered":"Roberto Kuelho apresenta \u201cAbra\u00e7o Coletivo\u201d neste domingo em Feira de Santana"},"content":{"rendered":"<div>O cantor e compositor baiano Roberto Kuelho apresenta, neste domingo (16), \u00e0s 19h, no Centro de Conven\u00e7\u00f5es de Feira de Santana, o show \u201cAbra\u00e7o Coletivo\u201d. Com entrada gratuita, a apresenta\u00e7\u00e3o re\u00fane m\u00fasicas do \u00e1lbum Abra\u00e7o Coletivo, grandes sucessos da carreira do artista e participa\u00e7\u00f5es especiais. (Foto ilustra\u00e7\u00e3o) O espet\u00e1culo ser\u00e1 dividido em dois momentos. A primeira parte ter\u00e1 um formato mais intimista, com Kuelho compartilhando hist\u00f3rias e inspira\u00e7\u00f5es por tr\u00e1s de suas composi\u00e7\u00f5es. Na sequ\u00eancia, o show ganha ritmo de festa, com um repert\u00f3rio que passa pelo ax\u00e9, pagode baiano, afropop e outros ritmos da m\u00fasica baiana. \u201cPela primeira vez, vou apresentar ao vivo as m\u00fasicas do \u00e1lbum Abra\u00e7o Coletivo, al\u00e9m de grandes sucessos e participa\u00e7\u00f5es especiais. Espero voc\u00eas!\u201d, afirma Roberto Kuelho. No palco, o artista recebe Eufr\u00e1sia Neres, Karol Freitas, DJ Lerry e o grupo Quabales, representado pelo vocalista Ragin Morais. Os artistas tamb\u00e9m integram o \u00e1lbum Abra\u00e7o Coletivo. A iniciativa conta com apoio do Estado da Bahia. Retire seu ingresso gratuito pelo Sympla: https:\/\/www.sympla.com.br\/evento\/kuelho-abraco-coletivo\/3528296 Conhe\u00e7a o artista e convidados Roberto Kuelho Com mais de duas d\u00e9cadas de trajet\u00f3ria na m\u00fasica, Roberto Kuelho transita por ritmos como ax\u00e9, afropop e pagode baiano. Em carreira solo, lan\u00e7ou os \u00e1lbuns Sense Bulir e Abra\u00e7o Coletivo. Como compositor, j\u00e1 teve m\u00fasicas gravadas por nomes como \u00c9 o Tchan, Xanddy, Michel Tel\u00f3, Saia Rodada e Terra Samba. Quabales Banda Criado pelo multi-instrumentista Marivaldo dos Santos, o Quabales mistura percuss\u00e3o afro-baiana, m\u00fasica eletr\u00f4nica, hip hop, pagotrap, canto e performance. O grupo j\u00e1 passou por palcos como Rock in Rio, AfroPunk Bahia, Festival de Ver\u00e3o e Teatro Castro Alves. No show, ser\u00e1 representado pelo vocalista Ragin Morais. Eufr\u00e1sia Neres Eufr\u00e1sia Neres \u00e9 cantora, compositora e profissional do audiovisual baiana e afroind\u00edgena. Sua trajet\u00f3ria re\u00fane m\u00fasica, pesquisa e produ\u00e7\u00e3o art\u00edstica, com trabalhos que transitam pela MPB, pop rock e m\u00fasica experimental. DJ Lerry Natural de Feira de Santana, Pedro Lucas, conhecido artisticamente como DJ Lerry, \u00e9 DJ, produtor musical, pesquisador e gestor cultural. Graduado em Produ\u00e7\u00e3o Musical pela UFRB. Tamb\u00e9m atua na elabora\u00e7\u00e3o e gest\u00e3o de projetos culturais. Karol Freitas Natural de Feira de Santana, Karol Freitas \u00e9 cantora, compositora, jornalista e produtora cultural. Em 2026, completa 11 anos de carreira na m\u00fasica. A artista possui trabalhos autorais e parcerias com nomes como Sambaiana, Targino Gondim, Roberto Kuelho, Duquesa e Ro\u00e7a Sound System.<\/div>\n","protected":false},"excerpt":{"rendered":"<p>O cantor e compositor baiano Roberto Kuelho apresenta, neste domingo (16), \u00e0s 19h, no Centro de Conven\u00e7\u00f5es de Feira de Santana, o show \u201cAbra\u00e7o Coletivo\u201d. Com entrada gratuita, a apresenta\u00e7\u00e3o re\u00fane m\u00fasicas do \u00e1lbum Abra\u00e7o Coletivo, grandes sucessos da carreira do artista e participa\u00e7\u00f5es especiais. (Foto ilustra\u00e7\u00e3o) O espet\u00e1culo ser\u00e1 dividido em dois momentos. A<\/p>\n","protected":false},"author":8,"featured_media":0,"comment_status":"closed","ping_status":"closed","sticky":false,"template":"","format":"standard","meta":{"fifu_image_url":"","fifu_image_alt":"","footnotes":""},"categories":[33],"tags":[],"class_list":["post-13868","post","type-post","status-publish","format-standard","hentry","category-noticias"],"_links":{"self":[{"href":"https:\/\/ilheusnews.com.br\/index.php?rest_route=\/wp\/v2\/posts\/13868","targetHints":{"allow":["GET"]}}],"collection":[{"href":"https:\/\/ilheusnews.com.br\/index.php?rest_route=\/wp\/v2\/posts"}],"about":[{"href":"https:\/\/ilheusnews.com.br\/index.php?rest_route=\/wp\/v2\/types\/post"}],"author":[{"embeddable":true,"href":"https:\/\/ilheusnews.com.br\/index.php?rest_route=\/wp\/v2\/users\/8"}],"replies":[{"embeddable":true,"href":"https:\/\/ilheusnews.com.br\/index.php?rest_route=%2Fwp%2Fv2%2Fcomments&post=13868"}],"version-history":[{"count":0,"href":"https:\/\/ilheusnews.com.br\/index.php?rest_route=\/wp\/v2\/posts\/13868\/revisions"}],"wp:attachment":[{"href":"https:\/\/ilheusnews.com.br\/index.php?rest_route=%2Fwp%2Fv2%2Fmedia&parent=13868"}],"wp:term":[{"taxonomy":"category","embeddable":true,"href":"https:\/\/ilheusnews.com.br\/index.php?rest_route=%2Fwp%2Fv2%2Fcategories&post=13868"},{"taxonomy":"post_tag","embeddable":true,"href":"https:\/\/ilheusnews.com.br\/index.php?rest_route=%2Fwp%2Fv2%2Ftags&post=13868"}],"curies":[{"name":"wp","href":"https:\/\/api.w.org\/{rel}","templated":true}]}}