{"id":13860,"date":"2026-08-13T06:02:19","date_gmt":"2026-08-13T09:02:19","guid":{"rendered":"https:\/\/ilheusnews.com.br\/?p=13860"},"modified":"2026-08-13T06:02:19","modified_gmt":"2026-08-13T09:02:19","slug":"barreiras-prefeitura-promove-dialogo-institucional-com-camara-de-vereadores-para-esclarecer-vetos-a-ldo-2027","status":"publish","type":"post","link":"https:\/\/ilheusnews.com.br\/?p=13860","title":{"rendered":"Barreiras: Prefeitura promove di\u00e1logo institucional com C\u00e2mara de Vereadores para esclarecer vetos \u00e0 LDO 2027"},"content":{"rendered":"<div>A Prefeitura de Barreiras promoveu uma reuni\u00e3o institucional com representantes da C\u00e2mara de Vereadores, para esclarecer os vetos apresentados pelo Poder Executivo \u00e0 Lei n\u00ba 1.737\/2026, que estabelece as Diretrizes Or\u00e7ament\u00e1rias (LDO) para o exerc\u00edcio financeiro de 2027.\u00a0 O encontro, de iniciativa do Poder Executivo, teve como objetivo ampliar o di\u00e1logo entre os Poderes e apresentar, de forma transparente, os fundamentos t\u00e9cnicos e jur\u00eddicos que embasaram a decis\u00e3o quanto aos vetos. (Foto ilustra\u00e7\u00e3o) Participaram da reuni\u00e3o o prefeito Otoniel Teixeira, o Procurador-geral adjunto do Munic\u00edpio, Dr. Bruno Almeida, a Controladora-geral do Munic\u00edpio, Versiany Moreira, o Presidente da C\u00e2mara, Yure Ramon, tamb\u00e9m os vereadores Carm\u00e9lia da Mata, Delma Pedra, Rider Castro, Z\u00e9 do Sorvete, Tatico Rocha, Allan Kardec,\u00a0\u2060Bessa, Gra\u00e7a Melo,\u00a0\u2060Thaislane Sabel, Jo\u00e3o Felipe, Valdimiro Jos\u00e9,\u00a0\u2060Hip\u00f3lito dos Passos e Silma Alves, al\u00e9m de membros da mesa diretora. Durante a reuni\u00e3o, a Procuradoria-Geral e a Controladoria-Geral do Munic\u00edpio detalharam os pontos avaliados no Projeto de Lei n\u00ba 005\/2026 e no texto aprovado pelo Legislativo. Segundo a an\u00e1lise apresentada, foram identificadas altera\u00e7\u00f5es em 23 dispositivos. Desses, 17 foram sancionados integralmente pelo Executivo e seis foram vetados, sendo quatro vetos totais e dois parciais. O Executivo destacou que os vetos foram fundamentados em an\u00e1lises t\u00e9cnicas e jur\u00eddicas e reafirmou o compromisso de assegurar a continuidade das pol\u00edticas p\u00fablicas, a responsabilidade na gest\u00e3o fiscal e o fortalecimento da transpar\u00eancia na aplica\u00e7\u00e3o dos recursos p\u00fablicos. \u201cO di\u00e1logo entre os Poderes \u00e9 fundamental para que possamos construir decis\u00f5es respons\u00e1veis e alinhadas \u00e0s necessidades do Munic\u00edpio. Os vetos foram apresentados com base em crit\u00e9rios t\u00e9cnicos e jur\u00eddicos, e nosso papel \u00e9 esclarecer cada ponto aos vereadores, mantendo sempre uma rela\u00e7\u00e3o de respeito institucional e transpar\u00eancia\u201d, afirmou o prefeito Otoniel Teixeira. Durante o encontro, o gestor tamb\u00e9m colocou sua equipe t\u00e9cnica \u00e0 disposi\u00e7\u00e3o para participar de eventual audi\u00eancia p\u00fablica marcada pelo Poder Legislativo para apresenta\u00e7\u00e3o da proposta da Lei Or\u00e7ament\u00e1ria Anual (LOA) 2027 e das reuni\u00f5es das comiss\u00f5es legislativas, mediante convite regimental, como forma de demonstrar o compromisso de transpar\u00eancia da gest\u00e3o municipal. (Ascom\/PMB)<\/div>\n","protected":false},"excerpt":{"rendered":"<p>A Prefeitura de Barreiras promoveu uma reuni\u00e3o institucional com representantes da C\u00e2mara de Vereadores, para esclarecer os vetos apresentados pelo Poder Executivo \u00e0 Lei n\u00ba 1.737\/2026, que estabelece as Diretrizes Or\u00e7ament\u00e1rias (LDO) para o exerc\u00edcio financeiro de 2027.\u00a0 O encontro, de iniciativa do Poder Executivo, teve como objetivo ampliar o di\u00e1logo entre os Poderes e<\/p>\n","protected":false},"author":8,"featured_media":0,"comment_status":"closed","ping_status":"closed","sticky":false,"template":"","format":"standard","meta":{"fifu_image_url":"","fifu_image_alt":"","footnotes":""},"categories":[33],"tags":[],"class_list":["post-13860","post","type-post","status-publish","format-standard","hentry","category-noticias"],"_links":{"self":[{"href":"https:\/\/ilheusnews.com.br\/index.php?rest_route=\/wp\/v2\/posts\/13860","targetHints":{"allow":["GET"]}}],"collection":[{"href":"https:\/\/ilheusnews.com.br\/index.php?rest_route=\/wp\/v2\/posts"}],"about":[{"href":"https:\/\/ilheusnews.com.br\/index.php?rest_route=\/wp\/v2\/types\/post"}],"author":[{"embeddable":true,"href":"https:\/\/ilheusnews.com.br\/index.php?rest_route=\/wp\/v2\/users\/8"}],"replies":[{"embeddable":true,"href":"https:\/\/ilheusnews.com.br\/index.php?rest_route=%2Fwp%2Fv2%2Fcomments&post=13860"}],"version-history":[{"count":0,"href":"https:\/\/ilheusnews.com.br\/index.php?rest_route=\/wp\/v2\/posts\/13860\/revisions"}],"wp:attachment":[{"href":"https:\/\/ilheusnews.com.br\/index.php?rest_route=%2Fwp%2Fv2%2Fmedia&parent=13860"}],"wp:term":[{"taxonomy":"category","embeddable":true,"href":"https:\/\/ilheusnews.com.br\/index.php?rest_route=%2Fwp%2Fv2%2Fcategories&post=13860"},{"taxonomy":"post_tag","embeddable":true,"href":"https:\/\/ilheusnews.com.br\/index.php?rest_route=%2Fwp%2Fv2%2Ftags&post=13860"}],"curies":[{"name":"wp","href":"https:\/\/api.w.org\/{rel}","templated":true}]}}