{"id":13859,"date":"2026-08-13T06:02:17","date_gmt":"2026-08-13T09:02:17","guid":{"rendered":"https:\/\/ilheusnews.com.br\/?p=13859"},"modified":"2026-08-13T06:02:17","modified_gmt":"2026-08-13T09:02:17","slug":"ufrb-oferta-vagas-de-mobilidade-nacional-para-estudantes-da-uesc-uneb-uefs-e-ifes","status":"publish","type":"post","link":"https:\/\/ilheusnews.com.br\/?p=13859","title":{"rendered":"UFRB oferta vagas de mobilidade nacional para estudantes da UESC, UNEB, UEFS e IFES"},"content":{"rendered":"<div>Universidade Federal do Rec\u00f4ncavo da Bahia (UFRB), por meio da Pr\u00f3-Reitoria de Gradua\u00e7\u00e3o (PROGRAD), informa a publica\u00e7\u00e3o dos\u00a0Edital n\u00ba 22\/2026\u00a0e\u00a0n\u00ba 23\/2026, referentes ao Programa de Mobilidade Acad\u00eamica Nacional presencial para o semestre letivo 2027.1. (Foto ilustra\u00e7\u00e3o) A mobilidade acad\u00eamica possibilita que estudantes regularmente matriculados(as) em cursos de gradua\u00e7\u00e3o realizem atividades acad\u00eamicas, curriculares ou extracurriculares em institui\u00e7\u00f5es de ensino superior conveniadas espalhadas pelo pa\u00eds. Diferente da transfer\u00eancia externa, o programa permite a manuten\u00e7\u00e3o do v\u00ednculo com a institui\u00e7\u00e3o de origem enquanto o(a) discente cursa componentes em outra universidade de forma tempor\u00e1ria. Mobilidade de estudantes de outras IES para a UFRB O\u00a0Edital n\u00ba 22\/2026\u00a0\u00e9 voltado para discentes regularmente matriculados(as) na Universidade do Estado da Bahia (UNEB), Universidade Estadual de Feira de Santana (UEFS), Universidade Estadual de Santa Cruz (UESC) e Institui\u00e7\u00f5es Federais de Ensino Superior (IFES) vinculadas ao Programa ANDIFES que desejam realizar mobilidade presencial na UFRB. \u2013 Per\u00edodo de inscri\u00e7\u00e3o: 17 de agosto a 27 de outubro de 2026. Mobilidade de estudantes da UFRB para outras IES O\u00a0Edital n\u00ba 23\/2026\u00a0\u00e9 destinado aos estudantes da UFRB interessados em cursar componentes curriculares presenciais em institui\u00e7\u00f5es conveniadas, como a UNEB, UEFS, UESC ou em IFES participantes do Programa ANDIFES. \u2013 Per\u00edodo de inscri\u00e7\u00e3o: 17 de agosto a 24 de outubro de 2026. Como se inscrever e mais informa\u00e7\u00f5es Os interessados devem consultar a documenta\u00e7\u00e3o exigida e os procedimentos operacionais diretamente nos documentos publicados na p\u00e1gina oficial da PROGRAD: \u2013 Accesso ao\u00a0Edital n\u00ba 22\/2026 (Mobilidade na UFRB) \u2013 Accesso ao\u00a0Edital n\u00ba 23\/2026 (Mobilidade nas IFES\/Conveniadas) Para mais detalhes, acesse o portal da Pr\u00f3-Reitoria em\u00a0ufrb.edu.br\/prograd\u00a0ou entre em contato com o N\u00facleo de Gest\u00e3o de Programas e Projetos (NUPROP) pelo e-mail\u00a0nuprob@prograd.ufrb.edu.br. (Ascom\/UFRB)<\/div>\n","protected":false},"excerpt":{"rendered":"<p>Universidade Federal do Rec\u00f4ncavo da Bahia (UFRB), por meio da Pr\u00f3-Reitoria de Gradua\u00e7\u00e3o (PROGRAD), informa a publica\u00e7\u00e3o dos\u00a0Edital n\u00ba 22\/2026\u00a0e\u00a0n\u00ba 23\/2026, referentes ao Programa de Mobilidade Acad\u00eamica Nacional presencial para o semestre letivo 2027.1. (Foto ilustra\u00e7\u00e3o) A mobilidade acad\u00eamica possibilita que estudantes regularmente matriculados(as) em cursos de gradua\u00e7\u00e3o realizem atividades acad\u00eamicas, curriculares ou extracurriculares em<\/p>\n","protected":false},"author":8,"featured_media":0,"comment_status":"closed","ping_status":"closed","sticky":false,"template":"","format":"standard","meta":{"fifu_image_url":"","fifu_image_alt":"","footnotes":""},"categories":[33],"tags":[],"class_list":["post-13859","post","type-post","status-publish","format-standard","hentry","category-noticias"],"_links":{"self":[{"href":"https:\/\/ilheusnews.com.br\/index.php?rest_route=\/wp\/v2\/posts\/13859","targetHints":{"allow":["GET"]}}],"collection":[{"href":"https:\/\/ilheusnews.com.br\/index.php?rest_route=\/wp\/v2\/posts"}],"about":[{"href":"https:\/\/ilheusnews.com.br\/index.php?rest_route=\/wp\/v2\/types\/post"}],"author":[{"embeddable":true,"href":"https:\/\/ilheusnews.com.br\/index.php?rest_route=\/wp\/v2\/users\/8"}],"replies":[{"embeddable":true,"href":"https:\/\/ilheusnews.com.br\/index.php?rest_route=%2Fwp%2Fv2%2Fcomments&post=13859"}],"version-history":[{"count":0,"href":"https:\/\/ilheusnews.com.br\/index.php?rest_route=\/wp\/v2\/posts\/13859\/revisions"}],"wp:attachment":[{"href":"https:\/\/ilheusnews.com.br\/index.php?rest_route=%2Fwp%2Fv2%2Fmedia&parent=13859"}],"wp:term":[{"taxonomy":"category","embeddable":true,"href":"https:\/\/ilheusnews.com.br\/index.php?rest_route=%2Fwp%2Fv2%2Fcategories&post=13859"},{"taxonomy":"post_tag","embeddable":true,"href":"https:\/\/ilheusnews.com.br\/index.php?rest_route=%2Fwp%2Fv2%2Ftags&post=13859"}],"curies":[{"name":"wp","href":"https:\/\/api.w.org\/{rel}","templated":true}]}}